{"id":994,"date":"2024-07-11T10:31:14","date_gmt":"2024-07-11T10:31:14","guid":{"rendered":"http:\/\/morefuture.de\/?p=994"},"modified":"2025-04-09T15:07:49","modified_gmt":"2025-04-09T15:07:49","slug":"smarte-ladestation-mit-intelligenter-phasenabschaltung","status":"publish","type":"post","link":"https:\/\/morefuture.de\/?p=994","title":{"rendered":"Smarte Ladestation mit intelligenter Phasenabschaltung"},"content":{"rendered":"\n<p><br>Mit der Power Charge 7000i S Wallbox und der Integration in den Bosch Energiemanager hat Bosch das Sortiment der Wallboxen um ein Modell mit intelligenter Phasenabschaltung erweitert: Dies erm\u00f6glicht eine noch effizientere Nutzung des eigenen Photovoltaikstroms f\u00fcr das Laden von Elektroautos.<br>Elektrofahrzeuge selbst an bew\u00f6lkten Tagen mit gr\u00fcnem Strom laden<br>Die Wallbox verf\u00fcgt \u00fcber eine einstellbare Ladeleistung von bis zu 11 Kilowatt und l\u00e4dt die Fahrzeugbatterie bis zu f\u00fcnfmal so schnell wie handels\u00fcbliche Haushaltssteckdosen. Ob hybrid oder rein elektrisch \u2013 die Wallbox eignet sich zum Laden aller Elektrofahrzeuge mit Typ 2-Ladestecker. Dank der integrierten Phasenabschaltung ist es m\u00f6glich, bereits mit einer Ladeleistung von 1,4 Kilowatt zu 100 Prozent mit \u00fcbersch\u00fcssigem Photovoltaikstrom zu laden. Diese Technologie bietet den Nutzern die M\u00f6glichkeit, Elektrofahrzeuge selbst an bew\u00f6lkten Tagen und in der \u00dcbergangszeit mehr mit gr\u00fcnem, selbst erzeugtem PV-Strom zu laden.<br><br>In der Garage, am Carport, drinnen oder drau\u00dfen<br><br>Als Plug-and-Play-L\u00f6sung ist die Power Charge 7000i S flexibel montierbar und kann mit 230 oder 400 Volt betrieben werden. Die Ladestation ist mit einem 7,5 Meter langen Ladekabel erh\u00e4ltlich. Somit ist es nicht notwendig, das Fahrzeug f\u00fcr den Ladevorgang direkt vor der Ladestation abzustellen. Um einen sicheren Zugang zum Strom aus der Wallbox zu gew\u00e4hren, erhalten Nutzer zwei RFID-Karten, mit denen sie sich automatisch als berechtigter Nutzer der Wallbox identifizieren k\u00f6nnen. Der Zugang ist ebenso per HomeCom Easy App m\u00f6glich. Die Power Charge 7000i S ist LAN- und WLAN-f\u00e4hig und l\u00e4sst sich einfach smart vernetzen.<br><br>Zwei Lade-Modi f\u00fcr einen optimierten Ladevorgang<br><br>Der Energiemanager von Bosch unterst\u00fctzt ab sofort die Wallboxen von Bosch und bietet zus\u00e4tzliche Optionen zur Steuerung und Optimierung des Ladevorgangs der Elektrofahrzeuge. Durch diese Integration wird das Elektroauto intelligent geladen. Die zwei Lade-Modi \u201eECO-Modus\u201c und \u201eBOOST-Modus\u201c sind ab sofort verf\u00fcgbar. Im ECO-Modus wird das Elektroauto mit dem selbst erzeugten Strom klimafreundlich geladen. Der BOOST-Modus aktiviert die maximale Ladeleistung auf Knopfdruck und beschleunigt den Ladevorgang.<br><br>Nachhaltiges Energiemanagement zahlt sich aus<br><br>Wie auch die W\u00e4rmepumpe, Wohnrauml\u00fcftung und andere internetf\u00e4hige Haushaltsger\u00e4te von Bosch ist die Wallbox \u00fcber den Bosch Energiemanager steuerbar. Dieser verteilt eigenproduzierten Solarstrom sinnvoll an die Verbraucher im Haus. Mit der smarten Kombination aus Photovoltaik, W\u00e4rmepumpe, Wallbox und einem intelligenten Energiemanagementsystem sparen Nutzer bares Geld.<\/p>\n\n\n\n<p><br>\u2022 Selbsterzeugten Strom der Photovoltaikanlage zum Laden nutzen<br>\u2022 Intelligente Phasenabschaltung f\u00fcr mehr Effizienz beim Laden der Elektro- und Hybridfahrzeuge<br>\u2022 Im Neu- oder Altbau kompatibel mit dem Bosch Energiemanager<br>\u2022 KfW f\u00f6rderf\u00e4hig und erf\u00fcllt \u00a7 14a Energiewirtschaftsgesetz<br>\u2022 \u201eSehr gut\u201c getestet im ETM Testmagazin, Ausgabe 5\/2024<\/p>\n","protected":false},"excerpt":{"rendered":"<p>Mit der Power Charge 7000i S Wallbox und der Integration in den Bosch Energiemanager hat Bosch das Sortiment der Wallboxen um ein Modell mit intelligenter Phasenabschaltung erweitert: Dies erm\u00f6glicht eine noch effizientere Nutzung des eigenen Photovoltaikstroms f\u00fcr das Laden von Elektroautos.Elektrofahrzeuge selbst an bew\u00f6lkten Tagen mit gr\u00fcnem Strom ladenDie Wallbox verf\u00fcgt \u00fcber eine einstellbare Ladeleistung [&hellip;]<\/p>\n","protected":false},"author":1,"featured_media":995,"comment_status":"closed","ping_status":"open","sticky":false,"template":"","format":"standard","meta":{"_uf_show_specific_survey":0,"_uf_disable_surveys":false,"_jetpack_memberships_contains_paid_content":false,"footnotes":""},"categories":[394,413],"tags":[64,316,275,318,317],"class_list":["post-994","post","type-post","status-publish","format-standard","has-post-thumbnail","hentry","category-drinnendraussen","category-hausgarten","tag-bosch","tag-intelligente-phasenabschaltung","tag-ladestation","tag-power-charge-7000i-s","tag-wallbox"],"yoast_head":"<!-- This site is optimized with the Yoast SEO plugin v26.4 - https:\/\/yoast.com\/wordpress\/plugins\/seo\/ -->\n<title>Smarte Ladestation mit intelligenter Phasenabschaltung -<\/title>\n<meta name=\"robots\" content=\"index, follow, max-snippet:-1, max-image-preview:large, max-video-preview:-1\" \/>\n<link rel=\"canonical\" href=\"http:\/\/morefuture.de\/?p=994\" \/>\n<meta property=\"og:locale\" content=\"de_DE\" \/>\n<meta property=\"og:type\" content=\"article\" \/>\n<meta property=\"og:title\" content=\"Smarte Ladestation mit intelligenter Phasenabschaltung -\" \/>\n<meta property=\"og:description\" content=\"Mit der Power Charge 7000i S Wallbox und der Integration in den Bosch Energiemanager hat Bosch das Sortiment der Wallboxen um ein Modell mit intelligenter Phasenabschaltung erweitert: Dies erm\u00f6glicht eine noch effizientere Nutzung des eigenen Photovoltaikstroms f\u00fcr das Laden von Elektroautos.Elektrofahrzeuge selbst an bew\u00f6lkten Tagen mit gr\u00fcnem Strom ladenDie Wallbox verf\u00fcgt \u00fcber eine einstellbare Ladeleistung [&hellip;]\" \/>\n<meta property=\"og:url\" content=\"http:\/\/morefuture.de\/?p=994\" \/>\n<meta property=\"article:published_time\" content=\"2024-07-11T10:31:14+00:00\" \/>\n<meta property=\"article:modified_time\" content=\"2025-04-09T15:07:49+00:00\" \/>\n<meta property=\"og:image\" content=\"http:\/\/morefuture.de\/wp-content\/uploads\/2024\/07\/pi_wallbox_bild_1_16_9-scaled.jpg\" \/>\n\t<meta property=\"og:image:width\" content=\"2560\" \/>\n\t<meta property=\"og:image:height\" content=\"1440\" \/>\n\t<meta property=\"og:image:type\" content=\"image\/jpeg\" \/>\n<meta name=\"author\" content=\"krumstroh\" \/>\n<meta name=\"twitter:card\" content=\"summary_large_image\" \/>\n<meta name=\"twitter:label1\" content=\"Verfasst von\" \/>\n\t<meta name=\"twitter:data1\" content=\"krumstroh\" \/>\n\t<meta name=\"twitter:label2\" content=\"Gesch\u00e4tzte Lesezeit\" \/>\n\t<meta name=\"twitter:data2\" content=\"3\u00a0Minuten\" \/>\n<script type=\"application\/ld+json\" class=\"yoast-schema-graph\">{\"@context\":\"https:\/\/schema.org\",\"@graph\":[{\"@type\":\"WebPage\",\"@id\":\"http:\/\/morefuture.de\/?p=994\",\"url\":\"http:\/\/morefuture.de\/?p=994\",\"name\":\"Smarte Ladestation mit intelligenter Phasenabschaltung -\",\"isPartOf\":{\"@id\":\"http:\/\/morefuture.de\/#website\"},\"primaryImageOfPage\":{\"@id\":\"http:\/\/morefuture.de\/?p=994#primaryimage\"},\"image\":{\"@id\":\"http:\/\/morefuture.de\/?p=994#primaryimage\"},\"thumbnailUrl\":\"https:\/\/morefuture.de\/wp-content\/uploads\/2024\/07\/pi_wallbox_bild_1_16_9-scaled.jpg\",\"datePublished\":\"2024-07-11T10:31:14+00:00\",\"dateModified\":\"2025-04-09T15:07:49+00:00\",\"author\":{\"@id\":\"http:\/\/morefuture.de\/#\/schema\/person\/43397e37856f92ef9b771dae09596e47\"},\"breadcrumb\":{\"@id\":\"http:\/\/morefuture.de\/?p=994#breadcrumb\"},\"inLanguage\":\"de\",\"potentialAction\":[{\"@type\":\"ReadAction\",\"target\":[\"http:\/\/morefuture.de\/?p=994\"]}]},{\"@type\":\"ImageObject\",\"inLanguage\":\"de\",\"@id\":\"http:\/\/morefuture.de\/?p=994#primaryimage\",\"url\":\"https:\/\/morefuture.de\/wp-content\/uploads\/2024\/07\/pi_wallbox_bild_1_16_9-scaled.jpg\",\"contentUrl\":\"https:\/\/morefuture.de\/wp-content\/uploads\/2024\/07\/pi_wallbox_bild_1_16_9-scaled.jpg\",\"width\":2560,\"height\":1440},{\"@type\":\"BreadcrumbList\",\"@id\":\"http:\/\/morefuture.de\/?p=994#breadcrumb\",\"itemListElement\":[{\"@type\":\"ListItem\",\"position\":1,\"name\":\"Startseite\",\"item\":\"http:\/\/morefuture.de\/\"},{\"@type\":\"ListItem\",\"position\":2,\"name\":\"Smarte Ladestation mit intelligenter Phasenabschaltung\"}]},{\"@type\":\"WebSite\",\"@id\":\"http:\/\/morefuture.de\/#website\",\"url\":\"http:\/\/morefuture.de\/\",\"name\":\"\",\"description\":\"\",\"potentialAction\":[{\"@type\":\"SearchAction\",\"target\":{\"@type\":\"EntryPoint\",\"urlTemplate\":\"http:\/\/morefuture.de\/?s={search_term_string}\"},\"query-input\":{\"@type\":\"PropertyValueSpecification\",\"valueRequired\":true,\"valueName\":\"search_term_string\"}}],\"inLanguage\":\"de\"},{\"@type\":\"Person\",\"@id\":\"http:\/\/morefuture.de\/#\/schema\/person\/43397e37856f92ef9b771dae09596e47\",\"name\":\"krumstroh\",\"image\":{\"@type\":\"ImageObject\",\"inLanguage\":\"de\",\"@id\":\"http:\/\/morefuture.de\/#\/schema\/person\/image\/\",\"url\":\"https:\/\/secure.gravatar.com\/avatar\/5244634881f9e6c413c3af40e12d9739c11eb24b7dd8a854bb2d0c11816b10a8?s=96&d=mm&r=g\",\"contentUrl\":\"https:\/\/secure.gravatar.com\/avatar\/5244634881f9e6c413c3af40e12d9739c11eb24b7dd8a854bb2d0c11816b10a8?s=96&d=mm&r=g\",\"caption\":\"krumstroh\"},\"url\":\"https:\/\/morefuture.de\/?author=1\"}]}<\/script>\n<!-- \/ Yoast SEO plugin. -->","yoast_head_json":{"title":"Smarte Ladestation mit intelligenter Phasenabschaltung -","robots":{"index":"index","follow":"follow","max-snippet":"max-snippet:-1","max-image-preview":"max-image-preview:large","max-video-preview":"max-video-preview:-1"},"canonical":"http:\/\/morefuture.de\/?p=994","og_locale":"de_DE","og_type":"article","og_title":"Smarte Ladestation mit intelligenter Phasenabschaltung -","og_description":"Mit der Power Charge 7000i S Wallbox und der Integration in den Bosch Energiemanager hat Bosch das Sortiment der Wallboxen um ein Modell mit intelligenter Phasenabschaltung erweitert: Dies erm\u00f6glicht eine noch effizientere Nutzung des eigenen Photovoltaikstroms f\u00fcr das Laden von Elektroautos.Elektrofahrzeuge selbst an bew\u00f6lkten Tagen mit gr\u00fcnem Strom ladenDie Wallbox verf\u00fcgt \u00fcber eine einstellbare Ladeleistung [&hellip;]","og_url":"http:\/\/morefuture.de\/?p=994","article_published_time":"2024-07-11T10:31:14+00:00","article_modified_time":"2025-04-09T15:07:49+00:00","og_image":[{"width":2560,"height":1440,"url":"http:\/\/morefuture.de\/wp-content\/uploads\/2024\/07\/pi_wallbox_bild_1_16_9-scaled.jpg","type":"image\/jpeg"}],"author":"krumstroh","twitter_card":"summary_large_image","twitter_misc":{"Verfasst von":"krumstroh","Gesch\u00e4tzte Lesezeit":"3\u00a0Minuten"},"schema":{"@context":"https:\/\/schema.org","@graph":[{"@type":"WebPage","@id":"http:\/\/morefuture.de\/?p=994","url":"http:\/\/morefuture.de\/?p=994","name":"Smarte Ladestation mit intelligenter Phasenabschaltung -","isPartOf":{"@id":"http:\/\/morefuture.de\/#website"},"primaryImageOfPage":{"@id":"http:\/\/morefuture.de\/?p=994#primaryimage"},"image":{"@id":"http:\/\/morefuture.de\/?p=994#primaryimage"},"thumbnailUrl":"https:\/\/morefuture.de\/wp-content\/uploads\/2024\/07\/pi_wallbox_bild_1_16_9-scaled.jpg","datePublished":"2024-07-11T10:31:14+00:00","dateModified":"2025-04-09T15:07:49+00:00","author":{"@id":"http:\/\/morefuture.de\/#\/schema\/person\/43397e37856f92ef9b771dae09596e47"},"breadcrumb":{"@id":"http:\/\/morefuture.de\/?p=994#breadcrumb"},"inLanguage":"de","potentialAction":[{"@type":"ReadAction","target":["http:\/\/morefuture.de\/?p=994"]}]},{"@type":"ImageObject","inLanguage":"de","@id":"http:\/\/morefuture.de\/?p=994#primaryimage","url":"https:\/\/morefuture.de\/wp-content\/uploads\/2024\/07\/pi_wallbox_bild_1_16_9-scaled.jpg","contentUrl":"https:\/\/morefuture.de\/wp-content\/uploads\/2024\/07\/pi_wallbox_bild_1_16_9-scaled.jpg","width":2560,"height":1440},{"@type":"BreadcrumbList","@id":"http:\/\/morefuture.de\/?p=994#breadcrumb","itemListElement":[{"@type":"ListItem","position":1,"name":"Startseite","item":"http:\/\/morefuture.de\/"},{"@type":"ListItem","position":2,"name":"Smarte Ladestation mit intelligenter Phasenabschaltung"}]},{"@type":"WebSite","@id":"http:\/\/morefuture.de\/#website","url":"http:\/\/morefuture.de\/","name":"","description":"","potentialAction":[{"@type":"SearchAction","target":{"@type":"EntryPoint","urlTemplate":"http:\/\/morefuture.de\/?s={search_term_string}"},"query-input":{"@type":"PropertyValueSpecification","valueRequired":true,"valueName":"search_term_string"}}],"inLanguage":"de"},{"@type":"Person","@id":"http:\/\/morefuture.de\/#\/schema\/person\/43397e37856f92ef9b771dae09596e47","name":"krumstroh","image":{"@type":"ImageObject","inLanguage":"de","@id":"http:\/\/morefuture.de\/#\/schema\/person\/image\/","url":"https:\/\/secure.gravatar.com\/avatar\/5244634881f9e6c413c3af40e12d9739c11eb24b7dd8a854bb2d0c11816b10a8?s=96&d=mm&r=g","contentUrl":"https:\/\/secure.gravatar.com\/avatar\/5244634881f9e6c413c3af40e12d9739c11eb24b7dd8a854bb2d0c11816b10a8?s=96&d=mm&r=g","caption":"krumstroh"},"url":"https:\/\/morefuture.de\/?author=1"}]}},"jetpack_featured_media_url":"https:\/\/morefuture.de\/wp-content\/uploads\/2024\/07\/pi_wallbox_bild_1_16_9-scaled.jpg","jetpack_sharing_enabled":true,"_links":{"self":[{"href":"https:\/\/morefuture.de\/index.php?rest_route=\/wp\/v2\/posts\/994","targetHints":{"allow":["GET"]}}],"collection":[{"href":"https:\/\/morefuture.de\/index.php?rest_route=\/wp\/v2\/posts"}],"about":[{"href":"https:\/\/morefuture.de\/index.php?rest_route=\/wp\/v2\/types\/post"}],"author":[{"embeddable":true,"href":"https:\/\/morefuture.de\/index.php?rest_route=\/wp\/v2\/users\/1"}],"replies":[{"embeddable":true,"href":"https:\/\/morefuture.de\/index.php?rest_route=%2Fwp%2Fv2%2Fcomments&post=994"}],"version-history":[{"count":1,"href":"https:\/\/morefuture.de\/index.php?rest_route=\/wp\/v2\/posts\/994\/revisions"}],"predecessor-version":[{"id":996,"href":"https:\/\/morefuture.de\/index.php?rest_route=\/wp\/v2\/posts\/994\/revisions\/996"}],"wp:featuredmedia":[{"embeddable":true,"href":"https:\/\/morefuture.de\/index.php?rest_route=\/wp\/v2\/media\/995"}],"wp:attachment":[{"href":"https:\/\/morefuture.de\/index.php?rest_route=%2Fwp%2Fv2%2Fmedia&parent=994"}],"wp:term":[{"taxonomy":"category","embeddable":true,"href":"https:\/\/morefuture.de\/index.php?rest_route=%2Fwp%2Fv2%2Fcategories&post=994"},{"taxonomy":"post_tag","embeddable":true,"href":"https:\/\/morefuture.de\/index.php?rest_route=%2Fwp%2Fv2%2Ftags&post=994"}],"curies":[{"name":"wp","href":"https:\/\/api.w.org\/{rel}","templated":true}]}}