{"id":986,"date":"2023-09-26T16:14:39","date_gmt":"2023-09-26T16:14:39","guid":{"rendered":"http:\/\/morefuture.de\/?p=986"},"modified":"2025-06-06T14:46:43","modified_gmt":"2025-06-06T14:46:43","slug":"ein-gedanke-zum-klimaschutzgesetz","status":"publish","type":"post","link":"https:\/\/morefuture.de\/?p=986","title":{"rendered":"Ein Gedanke zum &#8222;Klimaschutzgesetz&#8220; unter der alten Koaliton"},"content":{"rendered":"\n<p>Wir haben einen Aufruf von Friday for Future erhalten. Ich halte nichts von E-Mailfluten, zu denen hierin aufgerufen wurde. Ich halte aber etwas von guten und zielf\u00fchrenden Argumenten, die man durchaus unterst\u00fctzen sollte. Daher nachfolgend einige Ausz\u00fcge aus dem Schreiben. <\/p>\n\n\n\n<p><\/p>\n\n\n\n<p>Waldbr\u00e4nde, Wirbelst\u00fcrme, \u00dcberflutungen \u2013 die Klimakrise eskaliert weltweit mit katastrophalen Folgen f\u00fcr Menschen und Umwelt. Doch statt die Verkehrswende voranzutreiben und die Erneuerbaren auszubauen, plant die Ampel einen riesigen klimapolitischen Skandal: die Abschw\u00e4chung des Klimaschutzgesetzes. \u00dcberpr\u00fcfbarkeit der Klimaziele, Planungssicherheit und klare politischer Verantwortung sollen abgeschafft werden. Doch noch ist das Gesetz keine beschlossene Sache, die Abgeordneten beraten sich und veranstalten Anh\u00f6rungen. &#8230;<\/p>\n\n\n\n<p>Das Klimaschutzgesetz ist unser Erfolg: 2019 standen wir mit 1,4 Millionen Menschen auf der Stra\u00dfe und haben konsequenten Klimaschutz eingefordert. Als klar war, dass das Gesetz nicht ausreicht, haben einige von uns vor dem Bundesverfassungsgericht geklagt \u2013 und Recht bekommen.<\/p>\n\n\n\n<p>UN-Generalsekret\u00e4r Antonio Guterres bezeichnete das Klimaschutzgesetz als \u201cinternational vorbildlich\u201d, denn es schafft klare Verantwortlichkeiten und Konsequenzen, wenn die Ziele nicht eingehalten werden. Das alles will die Ampel jetzt abschaffen: Verbindliche Sektorziele und die Pflicht f\u00fcr Sofortprogramme fallen mit der geplanten \u00c4nderung weg. &#8230;<\/p>\n\n\n\n<p>MOREFUTURE dazu: Es gibt einfach Themen, die eine gehobene Priorit\u00e4t haben und inzwischen wichtiger sind, als Arbeitspl\u00e4tze, Globalisierung und wirtschaftlicher Aufschwung. Wir sind der Meinung, dass man nicht nur \u00fcber die Umwelt und das Klima und die M\u00f6glichkeiten zu ihrem Schutz debattieren sollte. Man muss Verantwortung \u00fcbernehmen, dazu stehen und auch unbequeme Entscheidungen treffen.<\/p>\n","protected":false},"excerpt":{"rendered":"<p>Wir haben einen Aufruf von Friday for Future erhalten. Ich halte nichts von E-Mailfluten, zu denen hierin aufgerufen wurde. Ich halte aber etwas von guten und zielf\u00fchrenden Argumenten, die man durchaus unterst\u00fctzen sollte. Daher nachfolgend einige Ausz\u00fcge aus dem Schreiben. Waldbr\u00e4nde, Wirbelst\u00fcrme, \u00dcberflutungen \u2013 die Klimakrise eskaliert weltweit mit katastrophalen Folgen f\u00fcr Menschen und Umwelt. [&hellip;]<\/p>\n","protected":false},"author":1,"featured_media":0,"comment_status":"closed","ping_status":"open","sticky":false,"template":"","format":"standard","meta":{"_uf_show_specific_survey":0,"_uf_disable_surveys":false,"_jetpack_memberships_contains_paid_content":false,"footnotes":""},"categories":[415],"tags":[315,314],"class_list":["post-986","post","type-post","status-publish","format-standard","hentry","category-klimaumwelt","tag-antonio-guterres","tag-klimaschutzgesetz"],"yoast_head":"<!-- This site is optimized with the Yoast SEO plugin v26.4 - https:\/\/yoast.com\/wordpress\/plugins\/seo\/ -->\n<title>Ein Gedanke zum &quot;Klimaschutzgesetz&quot; unter der alten Koaliton -<\/title>\n<meta name=\"robots\" content=\"index, follow, max-snippet:-1, max-image-preview:large, max-video-preview:-1\" \/>\n<link rel=\"canonical\" href=\"https:\/\/morefuture.de\/?p=986\" \/>\n<meta property=\"og:locale\" content=\"de_DE\" \/>\n<meta property=\"og:type\" content=\"article\" \/>\n<meta property=\"og:title\" content=\"Ein Gedanke zum &quot;Klimaschutzgesetz&quot; unter der alten Koaliton -\" \/>\n<meta property=\"og:description\" content=\"Wir haben einen Aufruf von Friday for Future erhalten. Ich halte nichts von E-Mailfluten, zu denen hierin aufgerufen wurde. Ich halte aber etwas von guten und zielf\u00fchrenden Argumenten, die man durchaus unterst\u00fctzen sollte. Daher nachfolgend einige Ausz\u00fcge aus dem Schreiben. Waldbr\u00e4nde, Wirbelst\u00fcrme, \u00dcberflutungen \u2013 die Klimakrise eskaliert weltweit mit katastrophalen Folgen f\u00fcr Menschen und Umwelt. [&hellip;]\" \/>\n<meta property=\"og:url\" content=\"https:\/\/morefuture.de\/?p=986\" \/>\n<meta property=\"article:published_time\" content=\"2023-09-26T16:14:39+00:00\" \/>\n<meta property=\"article:modified_time\" content=\"2025-06-06T14:46:43+00:00\" \/>\n<meta name=\"author\" content=\"krumstroh\" \/>\n<meta name=\"twitter:card\" content=\"summary_large_image\" \/>\n<meta name=\"twitter:label1\" content=\"Verfasst von\" \/>\n\t<meta name=\"twitter:data1\" content=\"krumstroh\" \/>\n\t<meta name=\"twitter:label2\" content=\"Gesch\u00e4tzte Lesezeit\" \/>\n\t<meta name=\"twitter:data2\" content=\"2\u00a0Minuten\" \/>\n<script type=\"application\/ld+json\" class=\"yoast-schema-graph\">{\"@context\":\"https:\/\/schema.org\",\"@graph\":[{\"@type\":\"WebPage\",\"@id\":\"https:\/\/morefuture.de\/?p=986\",\"url\":\"https:\/\/morefuture.de\/?p=986\",\"name\":\"Ein Gedanke zum \\\"Klimaschutzgesetz\\\" unter der alten Koaliton -\",\"isPartOf\":{\"@id\":\"http:\/\/morefuture.de\/#website\"},\"datePublished\":\"2023-09-26T16:14:39+00:00\",\"dateModified\":\"2025-06-06T14:46:43+00:00\",\"author\":{\"@id\":\"http:\/\/morefuture.de\/#\/schema\/person\/43397e37856f92ef9b771dae09596e47\"},\"breadcrumb\":{\"@id\":\"https:\/\/morefuture.de\/?p=986#breadcrumb\"},\"inLanguage\":\"de\",\"potentialAction\":[{\"@type\":\"ReadAction\",\"target\":[\"https:\/\/morefuture.de\/?p=986\"]}]},{\"@type\":\"BreadcrumbList\",\"@id\":\"https:\/\/morefuture.de\/?p=986#breadcrumb\",\"itemListElement\":[{\"@type\":\"ListItem\",\"position\":1,\"name\":\"Startseite\",\"item\":\"http:\/\/morefuture.de\/\"},{\"@type\":\"ListItem\",\"position\":2,\"name\":\"Ein Gedanke zum &#8222;Klimaschutzgesetz&#8220; unter der alten Koaliton\"}]},{\"@type\":\"WebSite\",\"@id\":\"http:\/\/morefuture.de\/#website\",\"url\":\"http:\/\/morefuture.de\/\",\"name\":\"\",\"description\":\"\",\"potentialAction\":[{\"@type\":\"SearchAction\",\"target\":{\"@type\":\"EntryPoint\",\"urlTemplate\":\"http:\/\/morefuture.de\/?s={search_term_string}\"},\"query-input\":{\"@type\":\"PropertyValueSpecification\",\"valueRequired\":true,\"valueName\":\"search_term_string\"}}],\"inLanguage\":\"de\"},{\"@type\":\"Person\",\"@id\":\"http:\/\/morefuture.de\/#\/schema\/person\/43397e37856f92ef9b771dae09596e47\",\"name\":\"krumstroh\",\"image\":{\"@type\":\"ImageObject\",\"inLanguage\":\"de\",\"@id\":\"http:\/\/morefuture.de\/#\/schema\/person\/image\/\",\"url\":\"https:\/\/secure.gravatar.com\/avatar\/5244634881f9e6c413c3af40e12d9739c11eb24b7dd8a854bb2d0c11816b10a8?s=96&d=mm&r=g\",\"contentUrl\":\"https:\/\/secure.gravatar.com\/avatar\/5244634881f9e6c413c3af40e12d9739c11eb24b7dd8a854bb2d0c11816b10a8?s=96&d=mm&r=g\",\"caption\":\"krumstroh\"},\"url\":\"https:\/\/morefuture.de\/?author=1\"}]}<\/script>\n<!-- \/ Yoast SEO plugin. -->","yoast_head_json":{"title":"Ein Gedanke zum \"Klimaschutzgesetz\" unter der alten Koaliton -","robots":{"index":"index","follow":"follow","max-snippet":"max-snippet:-1","max-image-preview":"max-image-preview:large","max-video-preview":"max-video-preview:-1"},"canonical":"https:\/\/morefuture.de\/?p=986","og_locale":"de_DE","og_type":"article","og_title":"Ein Gedanke zum \"Klimaschutzgesetz\" unter der alten Koaliton -","og_description":"Wir haben einen Aufruf von Friday for Future erhalten. Ich halte nichts von E-Mailfluten, zu denen hierin aufgerufen wurde. Ich halte aber etwas von guten und zielf\u00fchrenden Argumenten, die man durchaus unterst\u00fctzen sollte. Daher nachfolgend einige Ausz\u00fcge aus dem Schreiben. Waldbr\u00e4nde, Wirbelst\u00fcrme, \u00dcberflutungen \u2013 die Klimakrise eskaliert weltweit mit katastrophalen Folgen f\u00fcr Menschen und Umwelt. [&hellip;]","og_url":"https:\/\/morefuture.de\/?p=986","article_published_time":"2023-09-26T16:14:39+00:00","article_modified_time":"2025-06-06T14:46:43+00:00","author":"krumstroh","twitter_card":"summary_large_image","twitter_misc":{"Verfasst von":"krumstroh","Gesch\u00e4tzte Lesezeit":"2\u00a0Minuten"},"schema":{"@context":"https:\/\/schema.org","@graph":[{"@type":"WebPage","@id":"https:\/\/morefuture.de\/?p=986","url":"https:\/\/morefuture.de\/?p=986","name":"Ein Gedanke zum \"Klimaschutzgesetz\" unter der alten Koaliton -","isPartOf":{"@id":"http:\/\/morefuture.de\/#website"},"datePublished":"2023-09-26T16:14:39+00:00","dateModified":"2025-06-06T14:46:43+00:00","author":{"@id":"http:\/\/morefuture.de\/#\/schema\/person\/43397e37856f92ef9b771dae09596e47"},"breadcrumb":{"@id":"https:\/\/morefuture.de\/?p=986#breadcrumb"},"inLanguage":"de","potentialAction":[{"@type":"ReadAction","target":["https:\/\/morefuture.de\/?p=986"]}]},{"@type":"BreadcrumbList","@id":"https:\/\/morefuture.de\/?p=986#breadcrumb","itemListElement":[{"@type":"ListItem","position":1,"name":"Startseite","item":"http:\/\/morefuture.de\/"},{"@type":"ListItem","position":2,"name":"Ein Gedanke zum &#8222;Klimaschutzgesetz&#8220; unter der alten Koaliton"}]},{"@type":"WebSite","@id":"http:\/\/morefuture.de\/#website","url":"http:\/\/morefuture.de\/","name":"","description":"","potentialAction":[{"@type":"SearchAction","target":{"@type":"EntryPoint","urlTemplate":"http:\/\/morefuture.de\/?s={search_term_string}"},"query-input":{"@type":"PropertyValueSpecification","valueRequired":true,"valueName":"search_term_string"}}],"inLanguage":"de"},{"@type":"Person","@id":"http:\/\/morefuture.de\/#\/schema\/person\/43397e37856f92ef9b771dae09596e47","name":"krumstroh","image":{"@type":"ImageObject","inLanguage":"de","@id":"http:\/\/morefuture.de\/#\/schema\/person\/image\/","url":"https:\/\/secure.gravatar.com\/avatar\/5244634881f9e6c413c3af40e12d9739c11eb24b7dd8a854bb2d0c11816b10a8?s=96&d=mm&r=g","contentUrl":"https:\/\/secure.gravatar.com\/avatar\/5244634881f9e6c413c3af40e12d9739c11eb24b7dd8a854bb2d0c11816b10a8?s=96&d=mm&r=g","caption":"krumstroh"},"url":"https:\/\/morefuture.de\/?author=1"}]}},"jetpack_featured_media_url":"","jetpack_sharing_enabled":true,"_links":{"self":[{"href":"https:\/\/morefuture.de\/index.php?rest_route=\/wp\/v2\/posts\/986","targetHints":{"allow":["GET"]}}],"collection":[{"href":"https:\/\/morefuture.de\/index.php?rest_route=\/wp\/v2\/posts"}],"about":[{"href":"https:\/\/morefuture.de\/index.php?rest_route=\/wp\/v2\/types\/post"}],"author":[{"embeddable":true,"href":"https:\/\/morefuture.de\/index.php?rest_route=\/wp\/v2\/users\/1"}],"replies":[{"embeddable":true,"href":"https:\/\/morefuture.de\/index.php?rest_route=%2Fwp%2Fv2%2Fcomments&post=986"}],"version-history":[{"count":3,"href":"https:\/\/morefuture.de\/index.php?rest_route=\/wp\/v2\/posts\/986\/revisions"}],"predecessor-version":[{"id":1342,"href":"https:\/\/morefuture.de\/index.php?rest_route=\/wp\/v2\/posts\/986\/revisions\/1342"}],"wp:attachment":[{"href":"https:\/\/morefuture.de\/index.php?rest_route=%2Fwp%2Fv2%2Fmedia&parent=986"}],"wp:term":[{"taxonomy":"category","embeddable":true,"href":"https:\/\/morefuture.de\/index.php?rest_route=%2Fwp%2Fv2%2Fcategories&post=986"},{"taxonomy":"post_tag","embeddable":true,"href":"https:\/\/morefuture.de\/index.php?rest_route=%2Fwp%2Fv2%2Ftags&post=986"}],"curies":[{"name":"wp","href":"https:\/\/api.w.org\/{rel}","templated":true}]}}