{"id":921,"date":"2023-05-19T10:36:58","date_gmt":"2023-05-19T10:36:58","guid":{"rendered":"http:\/\/morefuture.de\/?p=921"},"modified":"2025-06-06T14:49:31","modified_gmt":"2025-06-06T14:49:31","slug":"naturbewusstseinsstudie-viele-menschen-sind-ueber-klimakrise-und-naturzerstoerung-besorgt","status":"publish","type":"post","link":"https:\/\/morefuture.de\/?p=921","title":{"rendered":"Naturbewusstseinsstudie: Viele Menschen sind \u00fcber Klimakrise und Naturzerst\u00f6rung besorgt"},"content":{"rendered":"\n<p>Dass die Klimakrise und Naturzerst\u00f6rung den eigenen Lebensstil beeintr\u00e4chtigen werden, ist eine in Deutschland weit verbreitete Sorge. Das ist eines der zentralen Ergebnisse der aktuellen Naturbewusstseinsstudie, die das Bundesumweltministerium und das Bundesamt f\u00fcr Naturschutz heute ver\u00f6ffentlicht haben. Als weitere Auswirkungen der Klimakrise nennt die Mehrzahl der Befragten vor allem Extremwetterereignisse und den Einfluss auf wildlebende Arten und biologische Vielfalt. Die gute Nachricht ist: Ein gro\u00dfer Teil der 2.410 Befragten Erwachsenen und 1.004 Jugendlichen der repr\u00e4sentativen Naturbewusstseinsstudie ist bereit, den notwendigen gesellschaftlichen Wandel durch einen nachhaltigen und natur-vertr\u00e4glichen Lebensstil mitzutragen.<\/p>\n\n\n\n<p>Bundesumweltministerin Steffi Lemke: \u201eDie meisten Menschen wissen, dass die Klimakrise und das Artenaussterben eng zusammenh\u00e4ngen und sie sind bereit, zum Schutz der Natur ihren eigenen Lebensstil nachhaltiger zu gestalten. Das ist eine gute Nachricht. Viele der Befragten sind auch zuversichtlich, dass sie pers\u00f6nlich oder gemeinsam mit anderen etwas f\u00fcr den Schutz der Natur und des Klimas bewirken k\u00f6nnen. Das ist ein starker R\u00fcckhalt f\u00fcr das Aktionsprogramm Nat\u00fcrlicher Klimaschutz des Bundesumweltministeriums. Entsprechende Ma\u00dfnahmen und F\u00f6rderprogramme zum Schutz von Natur und Klima m\u00fcssen nun schnell und effektiv umgesetzt werden.\u201c<\/p>\n\n\n\n<p>Im Verlauf der Studienreihe geben immer mehr Befragte eine negative Bewertung zum Zustand von Natur und Landschaft in Deutschland ab: 50 Prozent der Erwachsenen nahmen 2021 eine deutliche Verschlechterung wahr, bei der letzten Erfassung dieser Frage 2011 hatten sich nur 27 Prozent entsprechend ge\u00e4u\u00dfert. Gleichzeitig sind 67 Prozent der Erwachsenen und 70 Prozent der Jugendlichen sehr oder zumindest eher der Meinung, dass es eine vorrangige gesellschaftliche Aufgabe ist, die biologische Vielfalt zu erhalten.<\/p>\n\n\n\n<p>BfN-Pr\u00e4sidentin Sabine Riewenherm: \u201eDie Studie zeigt, dass ein Gro\u00dfteil der Bev\u00f6lkerung, n\u00e4mlich 86 Prozent der Erwachsenen und sogar 88 Prozent der Jugendlichen, einen umfassenden gesellschaftlichen Wandel f\u00fcr notwendig h\u00e4lt, um die weltweite Natur-, Umwelt- und Klimakrise aufzuhalten. Viele \u00e4u\u00dfern auch die pers\u00f6nliche Bereitschaft, diesen Wandel aktiv durch einen nachhaltigen und naturvertr\u00e4glichen Lebensstil mitzutragen. Diese Bereitschaft zieht sich auch durch alle Bev\u00f6lkerungsschichten und zeigt, dass ein Einsatz f\u00fcr mehr Naturschutz und Klimaschutz in der Gesellschaft breit unterst\u00fctzt wird.\u201c<\/p>\n\n\n\n<p>Die aktuelle Naturbewusstseinsstudie 2021 macht zudem in weiten Teilen die ausgepr\u00e4gte Naturbeziehung von Jugendlichen deutlich: Mit voller Zustimmung geben 65 Prozent der Jugendlichen an, dass Natur f\u00fcr sie zu einem guten Leben dazugeh\u00f6rt, gegen\u00fcber 50 Prozent der Erwachsenen. Und 44 Prozent der Jugendlichen sagen, dass die Bedeutung der Natur f\u00fcr sie im Vergleich zu der Zeit vor der Pandemie wichtiger geworden ist. Erwachsene \u00e4u\u00dfern sich nur zu 38 Prozent entsprechend.<\/p>\n\n\n\n<p>Die mittlerweile siebte Studie zum Naturbewusstsein wird seit 2009 im zweij\u00e4hrigen Turnus erhoben. Erstmals wurden im Herbst 2021 sowohl Erwachsene (ab 18 Jahren) als auch Jugendliche im Alter von 14 bis 17 Jahren zeitnah in Folge befragt, so dass ein direkter Vergleich des Naturbewusstseins von Jugendlichen und Erwachsenen zum ersten Mal im Rahmen der Studienreihe m\u00f6glich ist. Die Studie ist in ihrer Aussagekraft f\u00fcr ganz Deutschland repr\u00e4sentativ und bezieht Menschen aus allen Regionen und sozialen Lagen Deutschlands ein.<br>Foto: \u00a9 Landesforsten RLP.de, Jonathan Fieber<\/p>\n\n\n\n<p>Quelle: Bundesamt f\u00fcr Naturschutz gemeinsam mit Bundesumweltministerium<\/p>\n","protected":false},"excerpt":{"rendered":"<p>Dass die Klimakrise und Naturzerst\u00f6rung den eigenen Lebensstil beeintr\u00e4chtigen werden, ist eine in Deutschland weit verbreitete Sorge. Das ist eines der zentralen Ergebnisse der aktuellen Naturbewusstseinsstudie, die das Bundesumweltministerium und das Bundesamt f\u00fcr Naturschutz heute ver\u00f6ffentlicht haben. Als weitere Auswirkungen der Klimakrise nennt die Mehrzahl der Befragten vor allem Extremwetterereignisse und den Einfluss auf wildlebende [&hellip;]<\/p>\n","protected":false},"author":1,"featured_media":922,"comment_status":"closed","ping_status":"open","sticky":false,"template":"","format":"standard","meta":{"_uf_show_specific_survey":0,"_uf_disable_surveys":false,"_jetpack_memberships_contains_paid_content":false,"footnotes":""},"categories":[415],"tags":[270,269],"class_list":["post-921","post","type-post","status-publish","format-standard","has-post-thumbnail","hentry","category-klimaumwelt","tag-bundesumweltministerin-steffi-lemke","tag-naturbewusstseinsstudie"],"yoast_head":"<!-- This site is optimized with the Yoast SEO plugin v26.4 - https:\/\/yoast.com\/wordpress\/plugins\/seo\/ -->\n<title>Naturbewusstseinsstudie: Viele Menschen sind \u00fcber Klimakrise und Naturzerst\u00f6rung besorgt -<\/title>\n<meta name=\"robots\" content=\"index, follow, max-snippet:-1, max-image-preview:large, max-video-preview:-1\" \/>\n<link rel=\"canonical\" href=\"https:\/\/morefuture.de\/?p=921\" \/>\n<meta property=\"og:locale\" content=\"de_DE\" \/>\n<meta property=\"og:type\" content=\"article\" \/>\n<meta property=\"og:title\" content=\"Naturbewusstseinsstudie: Viele Menschen sind \u00fcber Klimakrise und Naturzerst\u00f6rung besorgt -\" \/>\n<meta property=\"og:description\" content=\"Dass die Klimakrise und Naturzerst\u00f6rung den eigenen Lebensstil beeintr\u00e4chtigen werden, ist eine in Deutschland weit verbreitete Sorge. Das ist eines der zentralen Ergebnisse der aktuellen Naturbewusstseinsstudie, die das Bundesumweltministerium und das Bundesamt f\u00fcr Naturschutz heute ver\u00f6ffentlicht haben. Als weitere Auswirkungen der Klimakrise nennt die Mehrzahl der Befragten vor allem Extremwetterereignisse und den Einfluss auf wildlebende [&hellip;]\" \/>\n<meta property=\"og:url\" content=\"https:\/\/morefuture.de\/?p=921\" \/>\n<meta property=\"article:published_time\" content=\"2023-05-19T10:36:58+00:00\" \/>\n<meta property=\"article:modified_time\" content=\"2025-06-06T14:49:31+00:00\" \/>\n<meta property=\"og:image\" content=\"https:\/\/morefuture.de\/wp-content\/uploads\/2023\/05\/RS18625_20220506_Shooting_Waldpaedagogik_531-lpr.jpg\" \/>\n\t<meta property=\"og:image:width\" content=\"788\" \/>\n\t<meta property=\"og:image:height\" content=\"420\" \/>\n\t<meta property=\"og:image:type\" content=\"image\/jpeg\" \/>\n<meta name=\"author\" content=\"krumstroh\" \/>\n<meta name=\"twitter:card\" content=\"summary_large_image\" \/>\n<meta name=\"twitter:label1\" content=\"Verfasst von\" \/>\n\t<meta name=\"twitter:data1\" content=\"krumstroh\" \/>\n\t<meta name=\"twitter:label2\" content=\"Gesch\u00e4tzte Lesezeit\" \/>\n\t<meta name=\"twitter:data2\" content=\"3\u00a0Minuten\" \/>\n<script type=\"application\/ld+json\" class=\"yoast-schema-graph\">{\"@context\":\"https:\/\/schema.org\",\"@graph\":[{\"@type\":\"WebPage\",\"@id\":\"https:\/\/morefuture.de\/?p=921\",\"url\":\"https:\/\/morefuture.de\/?p=921\",\"name\":\"Naturbewusstseinsstudie: Viele Menschen sind \u00fcber Klimakrise und Naturzerst\u00f6rung besorgt -\",\"isPartOf\":{\"@id\":\"http:\/\/morefuture.de\/#website\"},\"primaryImageOfPage\":{\"@id\":\"https:\/\/morefuture.de\/?p=921#primaryimage\"},\"image\":{\"@id\":\"https:\/\/morefuture.de\/?p=921#primaryimage\"},\"thumbnailUrl\":\"https:\/\/morefuture.de\/wp-content\/uploads\/2023\/05\/RS18625_20220506_Shooting_Waldpaedagogik_531-lpr.jpg\",\"datePublished\":\"2023-05-19T10:36:58+00:00\",\"dateModified\":\"2025-06-06T14:49:31+00:00\",\"author\":{\"@id\":\"http:\/\/morefuture.de\/#\/schema\/person\/43397e37856f92ef9b771dae09596e47\"},\"breadcrumb\":{\"@id\":\"https:\/\/morefuture.de\/?p=921#breadcrumb\"},\"inLanguage\":\"de\",\"potentialAction\":[{\"@type\":\"ReadAction\",\"target\":[\"https:\/\/morefuture.de\/?p=921\"]}]},{\"@type\":\"ImageObject\",\"inLanguage\":\"de\",\"@id\":\"https:\/\/morefuture.de\/?p=921#primaryimage\",\"url\":\"https:\/\/morefuture.de\/wp-content\/uploads\/2023\/05\/RS18625_20220506_Shooting_Waldpaedagogik_531-lpr.jpg\",\"contentUrl\":\"https:\/\/morefuture.de\/wp-content\/uploads\/2023\/05\/RS18625_20220506_Shooting_Waldpaedagogik_531-lpr.jpg\",\"width\":788,\"height\":420},{\"@type\":\"BreadcrumbList\",\"@id\":\"https:\/\/morefuture.de\/?p=921#breadcrumb\",\"itemListElement\":[{\"@type\":\"ListItem\",\"position\":1,\"name\":\"Startseite\",\"item\":\"http:\/\/morefuture.de\/\"},{\"@type\":\"ListItem\",\"position\":2,\"name\":\"Naturbewusstseinsstudie: Viele Menschen sind \u00fcber Klimakrise und Naturzerst\u00f6rung besorgt\"}]},{\"@type\":\"WebSite\",\"@id\":\"http:\/\/morefuture.de\/#website\",\"url\":\"http:\/\/morefuture.de\/\",\"name\":\"\",\"description\":\"\",\"potentialAction\":[{\"@type\":\"SearchAction\",\"target\":{\"@type\":\"EntryPoint\",\"urlTemplate\":\"http:\/\/morefuture.de\/?s={search_term_string}\"},\"query-input\":{\"@type\":\"PropertyValueSpecification\",\"valueRequired\":true,\"valueName\":\"search_term_string\"}}],\"inLanguage\":\"de\"},{\"@type\":\"Person\",\"@id\":\"http:\/\/morefuture.de\/#\/schema\/person\/43397e37856f92ef9b771dae09596e47\",\"name\":\"krumstroh\",\"image\":{\"@type\":\"ImageObject\",\"inLanguage\":\"de\",\"@id\":\"http:\/\/morefuture.de\/#\/schema\/person\/image\/\",\"url\":\"https:\/\/secure.gravatar.com\/avatar\/5244634881f9e6c413c3af40e12d9739c11eb24b7dd8a854bb2d0c11816b10a8?s=96&d=mm&r=g\",\"contentUrl\":\"https:\/\/secure.gravatar.com\/avatar\/5244634881f9e6c413c3af40e12d9739c11eb24b7dd8a854bb2d0c11816b10a8?s=96&d=mm&r=g\",\"caption\":\"krumstroh\"},\"url\":\"https:\/\/morefuture.de\/?author=1\"}]}<\/script>\n<!-- \/ Yoast SEO plugin. -->","yoast_head_json":{"title":"Naturbewusstseinsstudie: Viele Menschen sind \u00fcber Klimakrise und Naturzerst\u00f6rung besorgt -","robots":{"index":"index","follow":"follow","max-snippet":"max-snippet:-1","max-image-preview":"max-image-preview:large","max-video-preview":"max-video-preview:-1"},"canonical":"https:\/\/morefuture.de\/?p=921","og_locale":"de_DE","og_type":"article","og_title":"Naturbewusstseinsstudie: Viele Menschen sind \u00fcber Klimakrise und Naturzerst\u00f6rung besorgt -","og_description":"Dass die Klimakrise und Naturzerst\u00f6rung den eigenen Lebensstil beeintr\u00e4chtigen werden, ist eine in Deutschland weit verbreitete Sorge. Das ist eines der zentralen Ergebnisse der aktuellen Naturbewusstseinsstudie, die das Bundesumweltministerium und das Bundesamt f\u00fcr Naturschutz heute ver\u00f6ffentlicht haben. Als weitere Auswirkungen der Klimakrise nennt die Mehrzahl der Befragten vor allem Extremwetterereignisse und den Einfluss auf wildlebende [&hellip;]","og_url":"https:\/\/morefuture.de\/?p=921","article_published_time":"2023-05-19T10:36:58+00:00","article_modified_time":"2025-06-06T14:49:31+00:00","og_image":[{"width":788,"height":420,"url":"https:\/\/morefuture.de\/wp-content\/uploads\/2023\/05\/RS18625_20220506_Shooting_Waldpaedagogik_531-lpr.jpg","type":"image\/jpeg"}],"author":"krumstroh","twitter_card":"summary_large_image","twitter_misc":{"Verfasst von":"krumstroh","Gesch\u00e4tzte Lesezeit":"3\u00a0Minuten"},"schema":{"@context":"https:\/\/schema.org","@graph":[{"@type":"WebPage","@id":"https:\/\/morefuture.de\/?p=921","url":"https:\/\/morefuture.de\/?p=921","name":"Naturbewusstseinsstudie: Viele Menschen sind \u00fcber Klimakrise und Naturzerst\u00f6rung besorgt -","isPartOf":{"@id":"http:\/\/morefuture.de\/#website"},"primaryImageOfPage":{"@id":"https:\/\/morefuture.de\/?p=921#primaryimage"},"image":{"@id":"https:\/\/morefuture.de\/?p=921#primaryimage"},"thumbnailUrl":"https:\/\/morefuture.de\/wp-content\/uploads\/2023\/05\/RS18625_20220506_Shooting_Waldpaedagogik_531-lpr.jpg","datePublished":"2023-05-19T10:36:58+00:00","dateModified":"2025-06-06T14:49:31+00:00","author":{"@id":"http:\/\/morefuture.de\/#\/schema\/person\/43397e37856f92ef9b771dae09596e47"},"breadcrumb":{"@id":"https:\/\/morefuture.de\/?p=921#breadcrumb"},"inLanguage":"de","potentialAction":[{"@type":"ReadAction","target":["https:\/\/morefuture.de\/?p=921"]}]},{"@type":"ImageObject","inLanguage":"de","@id":"https:\/\/morefuture.de\/?p=921#primaryimage","url":"https:\/\/morefuture.de\/wp-content\/uploads\/2023\/05\/RS18625_20220506_Shooting_Waldpaedagogik_531-lpr.jpg","contentUrl":"https:\/\/morefuture.de\/wp-content\/uploads\/2023\/05\/RS18625_20220506_Shooting_Waldpaedagogik_531-lpr.jpg","width":788,"height":420},{"@type":"BreadcrumbList","@id":"https:\/\/morefuture.de\/?p=921#breadcrumb","itemListElement":[{"@type":"ListItem","position":1,"name":"Startseite","item":"http:\/\/morefuture.de\/"},{"@type":"ListItem","position":2,"name":"Naturbewusstseinsstudie: Viele Menschen sind \u00fcber Klimakrise und Naturzerst\u00f6rung besorgt"}]},{"@type":"WebSite","@id":"http:\/\/morefuture.de\/#website","url":"http:\/\/morefuture.de\/","name":"","description":"","potentialAction":[{"@type":"SearchAction","target":{"@type":"EntryPoint","urlTemplate":"http:\/\/morefuture.de\/?s={search_term_string}"},"query-input":{"@type":"PropertyValueSpecification","valueRequired":true,"valueName":"search_term_string"}}],"inLanguage":"de"},{"@type":"Person","@id":"http:\/\/morefuture.de\/#\/schema\/person\/43397e37856f92ef9b771dae09596e47","name":"krumstroh","image":{"@type":"ImageObject","inLanguage":"de","@id":"http:\/\/morefuture.de\/#\/schema\/person\/image\/","url":"https:\/\/secure.gravatar.com\/avatar\/5244634881f9e6c413c3af40e12d9739c11eb24b7dd8a854bb2d0c11816b10a8?s=96&d=mm&r=g","contentUrl":"https:\/\/secure.gravatar.com\/avatar\/5244634881f9e6c413c3af40e12d9739c11eb24b7dd8a854bb2d0c11816b10a8?s=96&d=mm&r=g","caption":"krumstroh"},"url":"https:\/\/morefuture.de\/?author=1"}]}},"jetpack_featured_media_url":"https:\/\/morefuture.de\/wp-content\/uploads\/2023\/05\/RS18625_20220506_Shooting_Waldpaedagogik_531-lpr.jpg","jetpack_sharing_enabled":true,"_links":{"self":[{"href":"https:\/\/morefuture.de\/index.php?rest_route=\/wp\/v2\/posts\/921","targetHints":{"allow":["GET"]}}],"collection":[{"href":"https:\/\/morefuture.de\/index.php?rest_route=\/wp\/v2\/posts"}],"about":[{"href":"https:\/\/morefuture.de\/index.php?rest_route=\/wp\/v2\/types\/post"}],"author":[{"embeddable":true,"href":"https:\/\/morefuture.de\/index.php?rest_route=\/wp\/v2\/users\/1"}],"replies":[{"embeddable":true,"href":"https:\/\/morefuture.de\/index.php?rest_route=%2Fwp%2Fv2%2Fcomments&post=921"}],"version-history":[{"count":2,"href":"https:\/\/morefuture.de\/index.php?rest_route=\/wp\/v2\/posts\/921\/revisions"}],"predecessor-version":[{"id":925,"href":"https:\/\/morefuture.de\/index.php?rest_route=\/wp\/v2\/posts\/921\/revisions\/925"}],"wp:featuredmedia":[{"embeddable":true,"href":"https:\/\/morefuture.de\/index.php?rest_route=\/wp\/v2\/media\/922"}],"wp:attachment":[{"href":"https:\/\/morefuture.de\/index.php?rest_route=%2Fwp%2Fv2%2Fmedia&parent=921"}],"wp:term":[{"taxonomy":"category","embeddable":true,"href":"https:\/\/morefuture.de\/index.php?rest_route=%2Fwp%2Fv2%2Fcategories&post=921"},{"taxonomy":"post_tag","embeddable":true,"href":"https:\/\/morefuture.de\/index.php?rest_route=%2Fwp%2Fv2%2Ftags&post=921"}],"curies":[{"name":"wp","href":"https:\/\/api.w.org\/{rel}","templated":true}]}}