{"id":763,"date":"2022-09-22T15:09:47","date_gmt":"2022-09-22T15:09:47","guid":{"rendered":"http:\/\/morefuture.de\/?p=763"},"modified":"2025-04-09T15:18:40","modified_gmt":"2025-04-09T15:18:40","slug":"radreisen-zwischen-herbstlaub-kranichen-und-weinlese","status":"publish","type":"post","link":"https:\/\/morefuture.de\/?p=763","title":{"rendered":"Radreisen &#8211; zwischen Herbstlaub, Kranichen und der Weinlese"},"content":{"rendered":"\n<p>Herbstliche Radurlaube f\u00fchren an die Ostseek\u00fcste, in die Mecklenburgische Seenplatte und in Deutschlands Weinanbaugebiete<\/p>\n\n\n\n<p>Den goldenen Herbst mal anders genie\u00dfen: Norddeutschlands gr\u00f6\u00dfter Radreiseveranstalter hat sein Angebot f\u00fcr den Sp\u00e4tsommer und Herbst ausgebaut und lockt aktive Urlauber auch in k\u00fchleren Tagen auf den Sattel. \u201eNeben ganzj\u00e4hrig attraktiven Reisen auf Fernwegen wie dem Elbe- oder Ostseek\u00fcsten-Radweg lohnen sich in den kommenden Wochen besonders Regionen f\u00fcr Radreisende, die mit tollen Naturerlebnissen auf sich aufmerksam machen. Wer auf Genuss setzt, findet in den sonnenverw\u00f6hnten Weinanbaugebieten der Saaleregion, rund um Dresden oder in der Pfalz sein perfektes Radelrevier\u201c, sagt Thomas Eberl, Gesch\u00e4ftsf\u00fchrer der Mecklenburger Radtour GmbH. Erlebbar sind die komplett organisierten Radreisen des Anbieters bis Mitte Oktober. Im Folgenden drei Tipps f\u00fcr herbstliche Radreisen:<\/p>\n\n\n\n<p><strong>Indian Summer in der Mecklenburgischen Seenplatte<\/strong><br>Rotbraune Bl\u00e4tterkleider, die von der Sonne angestrahlt und im weiten Blau der M\u00fcritz gespiegelt werden \u2013 wer im Herbst in die Mecklenburgische Seenplatte reist, darf sich auf ein farbenfrohes Naturschauspiel freuen. Die Radreise \u201eM\u00fcritz Impressionen\u201c f\u00fchrt aktive Urlauber an sechs Tagen einmal um den gr\u00f6\u00dften deutschen Binnensee und durch skandinavisch anmutende W\u00e4lder des M\u00fcritz-Nationalparks. Zwischendurch gilt es schmucke Orte wie R\u00f6bel, Mirow oder die ehemalige Residenzstadt Neustrelitz kennenzulernen. Buchbar ist die Reise ab 469 Euro pro Person.<\/p>\n\n\n\n<p><strong>Radeln unter Kranichen an der Ostseek\u00fcste<\/strong><br>Die \u201eKurztour rund um Fischland-Dar\u00df\u201c nimmt Pedalritter mit auf eine Reise durch den Nationalpark Vorpommersche Boddenlandschaft, der im Herbst die Heimat zehntausender Kraniche ist. Das laute Trompeten der rund um den Bodden rastenden V\u00f6gel ist st\u00e4ndiger Begleiter auf dem Weg von der Bernsteinstadt Ribnitz-Damgarten \u00fcber die idyllischen K\u00fcnstlerd\u00f6rfer Wustrow und Ahrenshoop zu den Ostseeb\u00e4dern Prerow und Zingst. Bevor es wieder zur\u00fcck an den Ausgangspunkt geht, wartet noch ein Halt in der Vinetastadt Barth, die mit ihrem malerischen Stadthafen den perfekten Rastplatz in petto hat. Die viert\u00e4gige Reise kann ab 299 Euro pro Person erlebt werden.<\/p>\n\n\n\n<p><strong>Von der Saale ins Unstrut-Tal: Sternradeln zwischen Weinh\u00e4ngen<\/strong><br>Bei einem stimmungsvollen Bummel durch die Gassen der historischen Altstadt Naumburgs kommen Radurlauber in Schwung und Stimmung \u2013 f\u00fcr drei abwechslungsreiche Ausfl\u00fcge zu Weinbergen, Winzern und alten Schl\u00f6ssern. Die Reise \u201eSterntour im Weinanbaugebiet Saale-Unstrut\u201c lotst ins beschauliche Freyburg, wo die ber\u00fchmte Rotk\u00e4ppchen-Weinkellerei besichtigt werden kann. Ein weiterer Tagesausflug f\u00fchrt unter anderem zum Rokokoschloss in Dornburg (Saale), dessen prachtvoller Garten bereits von Goethe gelobt wurde. Die insgesamt rund 120 Kilometer Radreise, die sich besonders zur Weinlesezeit im September lohnt, ist ab 325 Euro pro Person buchbar. www.mecklenburger-radtour.de<\/p>\n","protected":false},"excerpt":{"rendered":"<p>Herbstliche Radurlaube f\u00fchren an die Ostseek\u00fcste, in die Mecklenburgische Seenplatte und in Deutschlands Weinanbaugebiete Den goldenen Herbst mal anders genie\u00dfen: Norddeutschlands gr\u00f6\u00dfter Radreiseveranstalter hat sein Angebot f\u00fcr den Sp\u00e4tsommer und Herbst ausgebaut und lockt aktive Urlauber auch in k\u00fchleren Tagen auf den Sattel. \u201eNeben ganzj\u00e4hrig attraktiven Reisen auf Fernwegen wie dem Elbe- oder Ostseek\u00fcsten-Radweg lohnen [&hellip;]<\/p>\n","protected":false},"author":1,"featured_media":764,"comment_status":"closed","ping_status":"closed","sticky":false,"template":"","format":"standard","meta":{"_uf_show_specific_survey":0,"_uf_disable_surveys":false,"_jetpack_memberships_contains_paid_content":false,"footnotes":""},"categories":[460,396],"tags":[146,148,141,149,150,142,144,140,147,143,145],"class_list":["post-763","post","type-post","status-publish","format-standard","has-post-thumbnail","hentry","category-freizeitreisen","category-reisen","tag-dresden","tag-indian-summer","tag-mecklenburg","tag-mueritz-impressionen","tag-mueritz-nationalpark","tag-ostseekueste","tag-ostseekuestenradweg","tag-radreise","tag-saale","tag-wein","tag-weinanbaugebiete"],"yoast_head":"<!-- This site is optimized with the Yoast SEO plugin v26.4 - https:\/\/yoast.com\/wordpress\/plugins\/seo\/ -->\n<title>Radreisen - zwischen Herbstlaub, Kranichen und der Weinlese -<\/title>\n<meta name=\"robots\" content=\"index, follow, max-snippet:-1, max-image-preview:large, max-video-preview:-1\" \/>\n<link rel=\"canonical\" href=\"http:\/\/morefuture.de\/?p=763\" \/>\n<meta property=\"og:locale\" content=\"de_DE\" \/>\n<meta property=\"og:type\" content=\"article\" \/>\n<meta property=\"og:title\" content=\"Radreisen - zwischen Herbstlaub, Kranichen und der Weinlese -\" \/>\n<meta property=\"og:description\" content=\"Herbstliche Radurlaube f\u00fchren an die Ostseek\u00fcste, in die Mecklenburgische Seenplatte und in Deutschlands Weinanbaugebiete Den goldenen Herbst mal anders genie\u00dfen: Norddeutschlands gr\u00f6\u00dfter Radreiseveranstalter hat sein Angebot f\u00fcr den Sp\u00e4tsommer und Herbst ausgebaut und lockt aktive Urlauber auch in k\u00fchleren Tagen auf den Sattel. \u201eNeben ganzj\u00e4hrig attraktiven Reisen auf Fernwegen wie dem Elbe- oder Ostseek\u00fcsten-Radweg lohnen [&hellip;]\" \/>\n<meta property=\"og:url\" content=\"http:\/\/morefuture.de\/?p=763\" \/>\n<meta property=\"article:published_time\" content=\"2022-09-22T15:09:47+00:00\" \/>\n<meta property=\"article:modified_time\" content=\"2025-04-09T15:18:40+00:00\" \/>\n<meta property=\"og:image\" content=\"http:\/\/morefuture.de\/wp-content\/uploads\/2022\/09\/120942Peter-Becker16.-September-2017.jpg\" \/>\n\t<meta property=\"og:image:width\" content=\"567\" \/>\n\t<meta property=\"og:image:height\" content=\"378\" \/>\n\t<meta property=\"og:image:type\" content=\"image\/jpeg\" \/>\n<meta name=\"author\" content=\"krumstroh\" \/>\n<meta name=\"twitter:card\" content=\"summary_large_image\" \/>\n<meta name=\"twitter:label1\" content=\"Verfasst von\" \/>\n\t<meta name=\"twitter:data1\" content=\"krumstroh\" \/>\n\t<meta name=\"twitter:label2\" content=\"Gesch\u00e4tzte Lesezeit\" \/>\n\t<meta name=\"twitter:data2\" content=\"3\u00a0Minuten\" \/>\n<script type=\"application\/ld+json\" class=\"yoast-schema-graph\">{\"@context\":\"https:\/\/schema.org\",\"@graph\":[{\"@type\":\"WebPage\",\"@id\":\"http:\/\/morefuture.de\/?p=763\",\"url\":\"http:\/\/morefuture.de\/?p=763\",\"name\":\"Radreisen - zwischen Herbstlaub, Kranichen und der Weinlese -\",\"isPartOf\":{\"@id\":\"http:\/\/morefuture.de\/#website\"},\"primaryImageOfPage\":{\"@id\":\"http:\/\/morefuture.de\/?p=763#primaryimage\"},\"image\":{\"@id\":\"http:\/\/morefuture.de\/?p=763#primaryimage\"},\"thumbnailUrl\":\"https:\/\/morefuture.de\/wp-content\/uploads\/2022\/09\/120942Peter-Becker16.-September-2017.jpg\",\"datePublished\":\"2022-09-22T15:09:47+00:00\",\"dateModified\":\"2025-04-09T15:18:40+00:00\",\"author\":{\"@id\":\"http:\/\/morefuture.de\/#\/schema\/person\/43397e37856f92ef9b771dae09596e47\"},\"breadcrumb\":{\"@id\":\"http:\/\/morefuture.de\/?p=763#breadcrumb\"},\"inLanguage\":\"de\",\"potentialAction\":[{\"@type\":\"ReadAction\",\"target\":[\"http:\/\/morefuture.de\/?p=763\"]}]},{\"@type\":\"ImageObject\",\"inLanguage\":\"de\",\"@id\":\"http:\/\/morefuture.de\/?p=763#primaryimage\",\"url\":\"https:\/\/morefuture.de\/wp-content\/uploads\/2022\/09\/120942Peter-Becker16.-September-2017.jpg\",\"contentUrl\":\"https:\/\/morefuture.de\/wp-content\/uploads\/2022\/09\/120942Peter-Becker16.-September-2017.jpg\",\"width\":567,\"height\":378,\"caption\":\"Im Herbst mit dem Rad unterwegs in der Natur (Mecklenburger Radtour\/Peter Becker)\"},{\"@type\":\"BreadcrumbList\",\"@id\":\"http:\/\/morefuture.de\/?p=763#breadcrumb\",\"itemListElement\":[{\"@type\":\"ListItem\",\"position\":1,\"name\":\"Startseite\",\"item\":\"http:\/\/morefuture.de\/\"},{\"@type\":\"ListItem\",\"position\":2,\"name\":\"Radreisen &#8211; zwischen Herbstlaub, Kranichen und der Weinlese\"}]},{\"@type\":\"WebSite\",\"@id\":\"http:\/\/morefuture.de\/#website\",\"url\":\"http:\/\/morefuture.de\/\",\"name\":\"\",\"description\":\"\",\"potentialAction\":[{\"@type\":\"SearchAction\",\"target\":{\"@type\":\"EntryPoint\",\"urlTemplate\":\"http:\/\/morefuture.de\/?s={search_term_string}\"},\"query-input\":{\"@type\":\"PropertyValueSpecification\",\"valueRequired\":true,\"valueName\":\"search_term_string\"}}],\"inLanguage\":\"de\"},{\"@type\":\"Person\",\"@id\":\"http:\/\/morefuture.de\/#\/schema\/person\/43397e37856f92ef9b771dae09596e47\",\"name\":\"krumstroh\",\"image\":{\"@type\":\"ImageObject\",\"inLanguage\":\"de\",\"@id\":\"http:\/\/morefuture.de\/#\/schema\/person\/image\/\",\"url\":\"https:\/\/secure.gravatar.com\/avatar\/5244634881f9e6c413c3af40e12d9739c11eb24b7dd8a854bb2d0c11816b10a8?s=96&d=mm&r=g\",\"contentUrl\":\"https:\/\/secure.gravatar.com\/avatar\/5244634881f9e6c413c3af40e12d9739c11eb24b7dd8a854bb2d0c11816b10a8?s=96&d=mm&r=g\",\"caption\":\"krumstroh\"},\"url\":\"https:\/\/morefuture.de\/?author=1\"}]}<\/script>\n<!-- \/ Yoast SEO plugin. -->","yoast_head_json":{"title":"Radreisen - zwischen Herbstlaub, Kranichen und der Weinlese -","robots":{"index":"index","follow":"follow","max-snippet":"max-snippet:-1","max-image-preview":"max-image-preview:large","max-video-preview":"max-video-preview:-1"},"canonical":"http:\/\/morefuture.de\/?p=763","og_locale":"de_DE","og_type":"article","og_title":"Radreisen - zwischen Herbstlaub, Kranichen und der Weinlese -","og_description":"Herbstliche Radurlaube f\u00fchren an die Ostseek\u00fcste, in die Mecklenburgische Seenplatte und in Deutschlands Weinanbaugebiete Den goldenen Herbst mal anders genie\u00dfen: Norddeutschlands gr\u00f6\u00dfter Radreiseveranstalter hat sein Angebot f\u00fcr den Sp\u00e4tsommer und Herbst ausgebaut und lockt aktive Urlauber auch in k\u00fchleren Tagen auf den Sattel. \u201eNeben ganzj\u00e4hrig attraktiven Reisen auf Fernwegen wie dem Elbe- oder Ostseek\u00fcsten-Radweg lohnen [&hellip;]","og_url":"http:\/\/morefuture.de\/?p=763","article_published_time":"2022-09-22T15:09:47+00:00","article_modified_time":"2025-04-09T15:18:40+00:00","og_image":[{"width":567,"height":378,"url":"http:\/\/morefuture.de\/wp-content\/uploads\/2022\/09\/120942Peter-Becker16.-September-2017.jpg","type":"image\/jpeg"}],"author":"krumstroh","twitter_card":"summary_large_image","twitter_misc":{"Verfasst von":"krumstroh","Gesch\u00e4tzte Lesezeit":"3\u00a0Minuten"},"schema":{"@context":"https:\/\/schema.org","@graph":[{"@type":"WebPage","@id":"http:\/\/morefuture.de\/?p=763","url":"http:\/\/morefuture.de\/?p=763","name":"Radreisen - zwischen Herbstlaub, Kranichen und der Weinlese -","isPartOf":{"@id":"http:\/\/morefuture.de\/#website"},"primaryImageOfPage":{"@id":"http:\/\/morefuture.de\/?p=763#primaryimage"},"image":{"@id":"http:\/\/morefuture.de\/?p=763#primaryimage"},"thumbnailUrl":"https:\/\/morefuture.de\/wp-content\/uploads\/2022\/09\/120942Peter-Becker16.-September-2017.jpg","datePublished":"2022-09-22T15:09:47+00:00","dateModified":"2025-04-09T15:18:40+00:00","author":{"@id":"http:\/\/morefuture.de\/#\/schema\/person\/43397e37856f92ef9b771dae09596e47"},"breadcrumb":{"@id":"http:\/\/morefuture.de\/?p=763#breadcrumb"},"inLanguage":"de","potentialAction":[{"@type":"ReadAction","target":["http:\/\/morefuture.de\/?p=763"]}]},{"@type":"ImageObject","inLanguage":"de","@id":"http:\/\/morefuture.de\/?p=763#primaryimage","url":"https:\/\/morefuture.de\/wp-content\/uploads\/2022\/09\/120942Peter-Becker16.-September-2017.jpg","contentUrl":"https:\/\/morefuture.de\/wp-content\/uploads\/2022\/09\/120942Peter-Becker16.-September-2017.jpg","width":567,"height":378,"caption":"Im Herbst mit dem Rad unterwegs in der Natur (Mecklenburger Radtour\/Peter Becker)"},{"@type":"BreadcrumbList","@id":"http:\/\/morefuture.de\/?p=763#breadcrumb","itemListElement":[{"@type":"ListItem","position":1,"name":"Startseite","item":"http:\/\/morefuture.de\/"},{"@type":"ListItem","position":2,"name":"Radreisen &#8211; zwischen Herbstlaub, Kranichen und der Weinlese"}]},{"@type":"WebSite","@id":"http:\/\/morefuture.de\/#website","url":"http:\/\/morefuture.de\/","name":"","description":"","potentialAction":[{"@type":"SearchAction","target":{"@type":"EntryPoint","urlTemplate":"http:\/\/morefuture.de\/?s={search_term_string}"},"query-input":{"@type":"PropertyValueSpecification","valueRequired":true,"valueName":"search_term_string"}}],"inLanguage":"de"},{"@type":"Person","@id":"http:\/\/morefuture.de\/#\/schema\/person\/43397e37856f92ef9b771dae09596e47","name":"krumstroh","image":{"@type":"ImageObject","inLanguage":"de","@id":"http:\/\/morefuture.de\/#\/schema\/person\/image\/","url":"https:\/\/secure.gravatar.com\/avatar\/5244634881f9e6c413c3af40e12d9739c11eb24b7dd8a854bb2d0c11816b10a8?s=96&d=mm&r=g","contentUrl":"https:\/\/secure.gravatar.com\/avatar\/5244634881f9e6c413c3af40e12d9739c11eb24b7dd8a854bb2d0c11816b10a8?s=96&d=mm&r=g","caption":"krumstroh"},"url":"https:\/\/morefuture.de\/?author=1"}]}},"jetpack_featured_media_url":"https:\/\/morefuture.de\/wp-content\/uploads\/2022\/09\/120942Peter-Becker16.-September-2017.jpg","jetpack_sharing_enabled":true,"_links":{"self":[{"href":"https:\/\/morefuture.de\/index.php?rest_route=\/wp\/v2\/posts\/763","targetHints":{"allow":["GET"]}}],"collection":[{"href":"https:\/\/morefuture.de\/index.php?rest_route=\/wp\/v2\/posts"}],"about":[{"href":"https:\/\/morefuture.de\/index.php?rest_route=\/wp\/v2\/types\/post"}],"author":[{"embeddable":true,"href":"https:\/\/morefuture.de\/index.php?rest_route=\/wp\/v2\/users\/1"}],"replies":[{"embeddable":true,"href":"https:\/\/morefuture.de\/index.php?rest_route=%2Fwp%2Fv2%2Fcomments&post=763"}],"version-history":[{"count":2,"href":"https:\/\/morefuture.de\/index.php?rest_route=\/wp\/v2\/posts\/763\/revisions"}],"predecessor-version":[{"id":1132,"href":"https:\/\/morefuture.de\/index.php?rest_route=\/wp\/v2\/posts\/763\/revisions\/1132"}],"wp:featuredmedia":[{"embeddable":true,"href":"https:\/\/morefuture.de\/index.php?rest_route=\/wp\/v2\/media\/764"}],"wp:attachment":[{"href":"https:\/\/morefuture.de\/index.php?rest_route=%2Fwp%2Fv2%2Fmedia&parent=763"}],"wp:term":[{"taxonomy":"category","embeddable":true,"href":"https:\/\/morefuture.de\/index.php?rest_route=%2Fwp%2Fv2%2Fcategories&post=763"},{"taxonomy":"post_tag","embeddable":true,"href":"https:\/\/morefuture.de\/index.php?rest_route=%2Fwp%2Fv2%2Ftags&post=763"}],"curies":[{"name":"wp","href":"https:\/\/api.w.org\/{rel}","templated":true}]}}