{"id":1814,"date":"2026-08-31T23:29:09","date_gmt":"2026-08-31T23:29:09","guid":{"rendered":"https:\/\/morefuture.de\/?p=1814"},"modified":"2026-08-31T23:37:20","modified_gmt":"2026-08-31T23:37:20","slug":"sommer-der-extreme-forderung-nach-konsequenzen","status":"publish","type":"post","link":"https:\/\/morefuture.de\/?p=1814","title":{"rendered":"Sommer der Extreme: Umfrage ergibt deutliche Forderung f\u00fcr mehr Klimaschutz"},"content":{"rendered":"\n<div class=\"wp-block-columns is-layout-flex wp-container-core-columns-is-layout-7387b849 wp-block-columns-is-layout-flex\">\n<div class=\"wp-block-column is-layout-flow wp-block-column-is-layout-flow\" style=\"flex-basis:100%\">\n<div class=\"wp-block-columns is-layout-flex wp-container-core-columns-is-layout-7387b849 wp-block-columns-is-layout-flex\">\n<div class=\"wp-block-column is-layout-flow wp-block-column-is-layout-flow\" style=\"flex-basis:100%\">\n<p class=\"has-medium-font-size wp-block-paragraph\">\u2022 <strong>Umfrage zeigt deutlichen Handlungsbedarf: 67 Prozent der Deutschen erwarten angesichts von Hitze und Extremwetter mehr Klimaschutz von der Bundesregierung<\/strong> <\/p>\n\n\n\n<p class=\"has-medium-font-size wp-block-paragraph\">\u2022 <strong>Vorsorge und Ursachenbek\u00e4mpfung geh\u00f6ren zusammen<\/strong> <\/p>\n\n\n\n<p class=\"has-medium-font-size wp-block-paragraph\">\u2022 <strong>WWF fordert mehr Tempo bei Erneuerbaren, Netzen und Speichern<\/strong> <\/p>\n\n\n\n<p class=\"has-medium-font-size wp-block-paragraph\"><strong>Angesichts von Hitzewellen und anderen Extremwetterereignissen sind zwei Drittel der deutschen Bev\u00f6lkerung f\u00fcr eine Verst\u00e4rkung der Ma\u00dfnahmen zum Klimaschutz durch die Politik. Fast jeder Zweite fordert sogar eine deutliche Verst\u00e4rkung. Auch in den Landtagswahl-Bundesl\u00e4ndern Sachsen-Anhalt, Mecklenburg-Vorpommern und Berlin spricht sich eine deutliche Mehrheit f\u00fcr bessere Klimaschutzma\u00dfnahmen aus. Das zeigt eine neue repr\u00e4sentative Civey-Umfrage im Auftrag des WWF Deutschland.<\/strong><br><br>Konkret wollen 67 Prozent der Befragten, dass die Bundesregierung ihre Klimaschutzma\u00dfnahmen angesichts der Hitzewellen und anderen Extremwetterereignissen deutlich (45 Prozent) oder etwas (22 Prozent) verst\u00e4rkt. Insgesamt bewerten 54 Prozent der Befragten den Schutz der Menschen in Deutschland vor Hitze und anderen Extremwetterereignissen als schlecht, nur 15 Prozent stufen ihn als gut ein. Damit spricht sich eine klare Mehrheit f\u00fcr mehr Klimaschutz aus.<br><br>Auch in den Bundesl\u00e4ndern, in denen Landtagswahlen anstehen, w\u00fcnscht sich eine sehr deutliche Mehrheit bessere Klimaschutzma\u00dfnahmen von der Bundesregierung. Berlin ist Spitzenreiter mit 73 Prozent, dann folgen Sachsen-Anhalt (64 Prozent) und Mecklenburg-Vorpommern (62 Prozent).<br><br>Im Altersvergleich kommt der gr\u00f6\u00dfte Zuspruch f\u00fcr verst\u00e4rkte Ma\u00dfnahmen von j\u00fcngeren Menschen (18-29 Jahre): Hier fordern 77 Prozent verst\u00e4rkten Klimaschutz angesichts Hitzewellen und anderen Extremwetterereignissen.<br><br>\u201eDieser Sommer war eine Warnung. Die Menschen sehen, dass Deutschland nicht ausreichend auf die Folgen der Klimakrise vorbereitet ist. Zwei Drittel der Bev\u00f6lkerung wollen mehr statt weniger Klimaschutz. Die Bundesregierung muss diesen Auftrag ernst nehmen. Deutschland muss sich besser gegen die Folgen der Klimakrise wappnen und gleichzeitig alles daf\u00fcr tun, dass sie nicht immer gravierender werden. Klimaanpassung und Klimaschutz sind zwei Seiten derselben Medaille\u201c, sagt Vanessa Klocke, Co-Klimachefin beim WWF Deutschland.<br><br>Aus Sicht des WWF muss die Bundesregierung deshalb an zwei Stellen gleichzeitig handeln. Erstens braucht Deutschland eine verl\u00e4ssliche und langfristige Finanzierung der Klimaanpassung vor Ort. Klimaanpassung sollte daher schnellstm\u00f6glich als Gemeinschaftsaufgabe von Bund und L\u00e4ndern im Grundgesetz verankert werden.<br>Zweitens warnt der WWF davor, Klimaanpassung als Ersatz f\u00fcr konsequenten Klimaschutz zu betrachten. Je st\u00e4rker die Erderhitzung voranschreitet, desto gr\u00f6\u00dfer werden die gesellschaftlichen und wirtschaftlichen Kosten der Anpassung. Die Bundesregierung muss den Abschied von fossilen Energien beschleunigen und die Energiewende konsequent vorantreiben.<br><br>Zurzeit wird die Energiewende allerdings ausgebremst. Die von der Bundesregierung beschlossenen Vorschl\u00e4ge f\u00fcr die EEG-Novelle und das Netzpaket sind aus Sicht des WWF nicht geeignet, die bestehenden Herausforderungen der Energiewende zu l\u00f6sen. Statt den Ausbau von Wind- und Solarenergie, Netzen und Speichern verl\u00e4sslich voranzutreiben, drohen neue H\u00fcrden und Unsicherheiten. Im parlamentarischen Verfahren muss deshalb nachgebessert werden.\u00a0<br><br>Zum Ende der parlamentarischen Sommerpause startet der WWF unter dem Motto \u201eDieser Sommer war eine Warnung. Jetzt z\u00e4hlt Klimaschutz\u201c eine bundesweite Online-Aktion. B\u00fcrgerinnen und B\u00fcrger k\u00f6nnen sich dabei mit wenigen Klicks und mit pers\u00f6nlichen Nachrichten an die Bundestagsabgeordneten aus ihren Wahlkreisen wenden und sie auffordern, sich bei den anstehenden energiepolitischen Entscheidungen im Bundestag f\u00fcr eine starke Energiewende einzusetzen.<br>Zur WWF-Online-Aktion: <a href=\"https:\/\/mitmachen.wwf.de\/extrem\">https:\/\/mitmachen.wwf.de\/extrem<\/a><br><br><strong>Hintergrund zur Umfrage<\/strong><br>Civey hat f\u00fcr den WWF Deutschland vom 26.08.2026 bis 27.08.2026 online 5.000 Bundesb\u00fcrgerinnen und Bundesb\u00fcrger ab 18 Jahren befragt. Die Ergebnisse sind aufgrund von Quotierungen und Gewichtungen repr\u00e4sentativ unter Ber\u00fccksichtigung des statistischen Fehlers von 2,5 bis 2,6 Prozentpunkten beim jeweiligen Gesamtergebnis. Weitere Informationen zur Methodik finden Sie <a href=\"https:\/\/presse.wwf.de\/go\/5\/7037Q2ND-7032VX6Y-7032VX6T-1BTVFJT.html\">hier<\/a>.<br><br><a href=\"https:\/\/presse.wwf.de\/go\/5\/7037Q2ND-7032VX6Y-7032VX6U-14AI6OE.html\">Hintergrund zu EEG und Netzpaket<\/a><br>Quelle <a href=\"https:\/\/www.wwf.de\">WWF<\/a> <br>Karrikatur: KI Generiert, Krumstroh 30.8.2026<br><\/p>\n<\/div>\n<\/div>\n<\/div>\n<\/div>\n\n\n\n<p class=\"has-medium-font-size wp-block-paragraph\">Morefuture.de: \u201eWir alle sp\u00fcren, dass sich das Klima ver\u00e4ndert, die Folgen werden deutlich und sichtbar. Viele Menschen packen bereits mit an und versuchen, im Rahmen ihrer M\u00f6glichkeiten zu helfen und das Voranschreiten der Krise zu minimieren. Es ist daher wichtig, dass wir das Thema nicht aus Verunsicherung oder Angst verharmlosen oder aus dem Leben wegwischen. Morefuture wird weiter \u00fcber diese Themen berichten. Rei\u00dferische Katastrophenbilder und -szenarien werden wir vermeiden. Schreiben Sie uns, was Sie bereits in Ihrem Verhalten \u00e4ndern und in welchen Produkten Sie aktiv werden. Seien Sie ein Vorbild, ein Zukunftsoptimist. Wir brauchen Sie als Vorbild, damit andere folgen k\u00f6nnen. Vielen Dank!\u201c<\/p>\n\n\n\n<p class=\"wp-block-paragraph\"><\/p>\n","protected":false},"excerpt":{"rendered":"<p>\u2022 Umfrage zeigt deutlichen Handlungsbedarf: 67 Prozent der Deutschen erwarten angesichts von Hitze und Extremwetter mehr Klimaschutz von der Bundesregierung \u2022 Vorsorge und Ursachenbek\u00e4mpfung geh\u00f6ren zusammen \u2022 WWF fordert mehr Tempo bei Erneuerbaren, Netzen und Speichern Angesichts von Hitzewellen und anderen Extremwetterereignissen sind zwei Drittel der deutschen Bev\u00f6lkerung f\u00fcr eine Verst\u00e4rkung der Ma\u00dfnahmen zum Klimaschutz [&hellip;]<\/p>\n","protected":false},"author":1,"featured_media":1815,"comment_status":"closed","ping_status":"open","sticky":false,"template":"","format":"standard","meta":{"_uf_show_specific_survey":0,"_uf_disable_surveys":false,"_jetpack_newsletter_access":"","_jetpack_dont_email_post_to_subs":false,"_jetpack_newsletter_tier_id":0,"_jetpack_memberships_contains_paywalled_content":false,"_jetpack_memberships_contains_paid_content":false,"footnotes":""},"categories":[415],"tags":[848,849,850,335],"class_list":["post-1814","post","type-post","status-publish","format-standard","has-post-thumbnail","hentry","category-umweltklimaarten","tag-civey-umfrage","tag-eeg-novelle","tag-hitzewellen","tag-wwf"],"yoast_head":"<!-- This site is optimized with the Yoast SEO plugin v28.3 - https:\/\/yoast.com\/product\/yoast-seo-wordpress\/ -->\n<title>Sommer der Extreme: Umfrage ergibt deutliche Forderung f\u00fcr mehr Klimaschutz -<\/title>\n<meta name=\"description\" content=\"Sommer der Extreme: Umfrage ergibt deutliche Forderung f\u00fcr mehr Klimaschutz\" \/>\n<meta name=\"robots\" content=\"index, follow, max-snippet:-1, max-image-preview:large, max-video-preview:-1\" \/>\n<link rel=\"canonical\" href=\"https:\/\/morefuture.de\/?p=1814\" \/>\n<meta property=\"og:locale\" content=\"de_DE\" \/>\n<meta property=\"og:type\" content=\"article\" \/>\n<meta property=\"og:title\" content=\"Sommer der Extreme: Umfrage ergibt deutliche Forderung f\u00fcr mehr Klimaschutz -\" \/>\n<meta property=\"og:description\" content=\"Sommer der Extreme: Umfrage ergibt deutliche Forderung f\u00fcr mehr Klimaschutz\" \/>\n<meta property=\"og:url\" content=\"https:\/\/morefuture.de\/?p=1814\" \/>\n<meta property=\"article:published_time\" content=\"2026-08-31T23:29:09+00:00\" \/>\n<meta property=\"article:modified_time\" content=\"2026-08-31T23:37:20+00:00\" \/>\n<meta property=\"og:image\" content=\"http:\/\/morefuture.de\/wp-content\/uploads\/2026\/08\/Klimawandel-1024x939.png\" \/>\n\t<meta property=\"og:image:width\" content=\"1024\" \/>\n\t<meta property=\"og:image:height\" content=\"939\" \/>\n\t<meta property=\"og:image:type\" content=\"image\/png\" \/>\n<meta name=\"author\" content=\"krumstroh\" \/>\n<meta name=\"twitter:card\" content=\"summary_large_image\" \/>\n<meta name=\"twitter:label1\" content=\"Verfasst von\" \/>\n\t<meta name=\"twitter:data1\" content=\"krumstroh\" \/>\n\t<meta name=\"twitter:label2\" content=\"Gesch\u00e4tzte Lesezeit\" \/>\n\t<meta name=\"twitter:data2\" content=\"4\u00a0Minuten\" \/>\n<script type=\"application\/ld+json\" class=\"yoast-schema-graph\">{\"@context\":\"https:\\\/\\\/schema.org\",\"@graph\":[{\"@type\":\"Article\",\"@id\":\"https:\\\/\\\/morefuture.de\\\/?p=1814#article\",\"isPartOf\":{\"@id\":\"https:\\\/\\\/morefuture.de\\\/?p=1814\"},\"author\":{\"name\":\"krumstroh\",\"@id\":\"http:\\\/\\\/morefuture.de\\\/#\\\/schema\\\/person\\\/43397e37856f92ef9b771dae09596e47\"},\"headline\":\"Sommer der Extreme: Umfrage ergibt deutliche Forderung f\u00fcr mehr Klimaschutz\",\"datePublished\":\"2026-08-31T23:29:09+00:00\",\"dateModified\":\"2026-08-31T23:37:20+00:00\",\"mainEntityOfPage\":{\"@id\":\"https:\\\/\\\/morefuture.de\\\/?p=1814\"},\"wordCount\":698,\"image\":{\"@id\":\"https:\\\/\\\/morefuture.de\\\/?p=1814#primaryimage\"},\"thumbnailUrl\":\"https:\\\/\\\/morefuture.de\\\/wp-content\\\/uploads\\\/2026\\\/08\\\/Klimawandel.png\",\"keywords\":[\"Civey-Umfrage\",\"EEG-Novelle\",\"Hitzewellen\",\"WWF\"],\"articleSection\":[\"UMWELT + KLIMA\"],\"inLanguage\":\"de\"},{\"@type\":\"WebPage\",\"@id\":\"https:\\\/\\\/morefuture.de\\\/?p=1814\",\"url\":\"https:\\\/\\\/morefuture.de\\\/?p=1814\",\"name\":\"Sommer der Extreme: Umfrage ergibt deutliche Forderung f\u00fcr mehr Klimaschutz -\",\"isPartOf\":{\"@id\":\"http:\\\/\\\/morefuture.de\\\/#website\"},\"primaryImageOfPage\":{\"@id\":\"https:\\\/\\\/morefuture.de\\\/?p=1814#primaryimage\"},\"image\":{\"@id\":\"https:\\\/\\\/morefuture.de\\\/?p=1814#primaryimage\"},\"thumbnailUrl\":\"https:\\\/\\\/morefuture.de\\\/wp-content\\\/uploads\\\/2026\\\/08\\\/Klimawandel.png\",\"datePublished\":\"2026-08-31T23:29:09+00:00\",\"dateModified\":\"2026-08-31T23:37:20+00:00\",\"author\":{\"@id\":\"http:\\\/\\\/morefuture.de\\\/#\\\/schema\\\/person\\\/43397e37856f92ef9b771dae09596e47\"},\"description\":\"Sommer der Extreme: Umfrage ergibt deutliche Forderung f\u00fcr mehr Klimaschutz\",\"breadcrumb\":{\"@id\":\"https:\\\/\\\/morefuture.de\\\/?p=1814#breadcrumb\"},\"inLanguage\":\"de\",\"potentialAction\":[{\"@type\":\"ReadAction\",\"target\":[\"https:\\\/\\\/morefuture.de\\\/?p=1814\"]}]},{\"@type\":\"ImageObject\",\"inLanguage\":\"de\",\"@id\":\"https:\\\/\\\/morefuture.de\\\/?p=1814#primaryimage\",\"url\":\"https:\\\/\\\/morefuture.de\\\/wp-content\\\/uploads\\\/2026\\\/08\\\/Klimawandel.png\",\"contentUrl\":\"https:\\\/\\\/morefuture.de\\\/wp-content\\\/uploads\\\/2026\\\/08\\\/Klimawandel.png\",\"width\":1310,\"height\":1201},{\"@type\":\"BreadcrumbList\",\"@id\":\"https:\\\/\\\/morefuture.de\\\/?p=1814#breadcrumb\",\"itemListElement\":[{\"@type\":\"ListItem\",\"position\":1,\"name\":\"Startseite\",\"item\":\"http:\\\/\\\/morefuture.de\\\/\"},{\"@type\":\"ListItem\",\"position\":2,\"name\":\"Sommer der Extreme: Umfrage ergibt deutliche Forderung f\u00fcr mehr Klimaschutz\"}]},{\"@type\":\"WebSite\",\"@id\":\"http:\\\/\\\/morefuture.de\\\/#website\",\"url\":\"http:\\\/\\\/morefuture.de\\\/\",\"name\":\"\",\"description\":\"\",\"potentialAction\":[{\"@type\":\"SearchAction\",\"target\":{\"@type\":\"EntryPoint\",\"urlTemplate\":\"http:\\\/\\\/morefuture.de\\\/?s={search_term_string}\"},\"query-input\":{\"@type\":\"PropertyValueSpecification\",\"valueRequired\":true,\"valueName\":\"search_term_string\"}}],\"inLanguage\":\"de\"},{\"@type\":\"Person\",\"@id\":\"http:\\\/\\\/morefuture.de\\\/#\\\/schema\\\/person\\\/43397e37856f92ef9b771dae09596e47\",\"name\":\"krumstroh\",\"image\":{\"@type\":\"ImageObject\",\"inLanguage\":\"de\",\"@id\":\"https:\\\/\\\/secure.gravatar.com\\\/avatar\\\/5244634881f9e6c413c3af40e12d9739c11eb24b7dd8a854bb2d0c11816b10a8?s=96&d=mm&r=g\",\"url\":\"https:\\\/\\\/secure.gravatar.com\\\/avatar\\\/5244634881f9e6c413c3af40e12d9739c11eb24b7dd8a854bb2d0c11816b10a8?s=96&d=mm&r=g\",\"contentUrl\":\"https:\\\/\\\/secure.gravatar.com\\\/avatar\\\/5244634881f9e6c413c3af40e12d9739c11eb24b7dd8a854bb2d0c11816b10a8?s=96&d=mm&r=g\",\"caption\":\"krumstroh\"},\"url\":\"https:\\\/\\\/morefuture.de\\\/?author=1\"}]}<\/script>\n<!-- \/ Yoast SEO plugin. -->","yoast_head_json":{"title":"Sommer der Extreme: Umfrage ergibt deutliche Forderung f\u00fcr mehr Klimaschutz -","description":"Sommer der Extreme: Umfrage ergibt deutliche Forderung f\u00fcr mehr Klimaschutz","robots":{"index":"index","follow":"follow","max-snippet":"max-snippet:-1","max-image-preview":"max-image-preview:large","max-video-preview":"max-video-preview:-1"},"canonical":"https:\/\/morefuture.de\/?p=1814","og_locale":"de_DE","og_type":"article","og_title":"Sommer der Extreme: Umfrage ergibt deutliche Forderung f\u00fcr mehr Klimaschutz -","og_description":"Sommer der Extreme: Umfrage ergibt deutliche Forderung f\u00fcr mehr Klimaschutz","og_url":"https:\/\/morefuture.de\/?p=1814","article_published_time":"2026-08-31T23:29:09+00:00","article_modified_time":"2026-08-31T23:37:20+00:00","og_image":[{"width":1024,"height":939,"url":"http:\/\/morefuture.de\/wp-content\/uploads\/2026\/08\/Klimawandel-1024x939.png","type":"image\/png"}],"author":"krumstroh","twitter_card":"summary_large_image","twitter_misc":{"Verfasst von":"krumstroh","Gesch\u00e4tzte Lesezeit":"4\u00a0Minuten"},"schema":{"@context":"https:\/\/schema.org","@graph":[{"@type":"Article","@id":"https:\/\/morefuture.de\/?p=1814#article","isPartOf":{"@id":"https:\/\/morefuture.de\/?p=1814"},"author":{"name":"krumstroh","@id":"http:\/\/morefuture.de\/#\/schema\/person\/43397e37856f92ef9b771dae09596e47"},"headline":"Sommer der Extreme: Umfrage ergibt deutliche Forderung f\u00fcr mehr Klimaschutz","datePublished":"2026-08-31T23:29:09+00:00","dateModified":"2026-08-31T23:37:20+00:00","mainEntityOfPage":{"@id":"https:\/\/morefuture.de\/?p=1814"},"wordCount":698,"image":{"@id":"https:\/\/morefuture.de\/?p=1814#primaryimage"},"thumbnailUrl":"https:\/\/morefuture.de\/wp-content\/uploads\/2026\/08\/Klimawandel.png","keywords":["Civey-Umfrage","EEG-Novelle","Hitzewellen","WWF"],"articleSection":["UMWELT + KLIMA"],"inLanguage":"de"},{"@type":"WebPage","@id":"https:\/\/morefuture.de\/?p=1814","url":"https:\/\/morefuture.de\/?p=1814","name":"Sommer der Extreme: Umfrage ergibt deutliche Forderung f\u00fcr mehr Klimaschutz -","isPartOf":{"@id":"http:\/\/morefuture.de\/#website"},"primaryImageOfPage":{"@id":"https:\/\/morefuture.de\/?p=1814#primaryimage"},"image":{"@id":"https:\/\/morefuture.de\/?p=1814#primaryimage"},"thumbnailUrl":"https:\/\/morefuture.de\/wp-content\/uploads\/2026\/08\/Klimawandel.png","datePublished":"2026-08-31T23:29:09+00:00","dateModified":"2026-08-31T23:37:20+00:00","author":{"@id":"http:\/\/morefuture.de\/#\/schema\/person\/43397e37856f92ef9b771dae09596e47"},"description":"Sommer der Extreme: Umfrage ergibt deutliche Forderung f\u00fcr mehr Klimaschutz","breadcrumb":{"@id":"https:\/\/morefuture.de\/?p=1814#breadcrumb"},"inLanguage":"de","potentialAction":[{"@type":"ReadAction","target":["https:\/\/morefuture.de\/?p=1814"]}]},{"@type":"ImageObject","inLanguage":"de","@id":"https:\/\/morefuture.de\/?p=1814#primaryimage","url":"https:\/\/morefuture.de\/wp-content\/uploads\/2026\/08\/Klimawandel.png","contentUrl":"https:\/\/morefuture.de\/wp-content\/uploads\/2026\/08\/Klimawandel.png","width":1310,"height":1201},{"@type":"BreadcrumbList","@id":"https:\/\/morefuture.de\/?p=1814#breadcrumb","itemListElement":[{"@type":"ListItem","position":1,"name":"Startseite","item":"http:\/\/morefuture.de\/"},{"@type":"ListItem","position":2,"name":"Sommer der Extreme: Umfrage ergibt deutliche Forderung f\u00fcr mehr Klimaschutz"}]},{"@type":"WebSite","@id":"http:\/\/morefuture.de\/#website","url":"http:\/\/morefuture.de\/","name":"","description":"","potentialAction":[{"@type":"SearchAction","target":{"@type":"EntryPoint","urlTemplate":"http:\/\/morefuture.de\/?s={search_term_string}"},"query-input":{"@type":"PropertyValueSpecification","valueRequired":true,"valueName":"search_term_string"}}],"inLanguage":"de"},{"@type":"Person","@id":"http:\/\/morefuture.de\/#\/schema\/person\/43397e37856f92ef9b771dae09596e47","name":"krumstroh","image":{"@type":"ImageObject","inLanguage":"de","@id":"https:\/\/secure.gravatar.com\/avatar\/5244634881f9e6c413c3af40e12d9739c11eb24b7dd8a854bb2d0c11816b10a8?s=96&d=mm&r=g","url":"https:\/\/secure.gravatar.com\/avatar\/5244634881f9e6c413c3af40e12d9739c11eb24b7dd8a854bb2d0c11816b10a8?s=96&d=mm&r=g","contentUrl":"https:\/\/secure.gravatar.com\/avatar\/5244634881f9e6c413c3af40e12d9739c11eb24b7dd8a854bb2d0c11816b10a8?s=96&d=mm&r=g","caption":"krumstroh"},"url":"https:\/\/morefuture.de\/?author=1"}]}},"jetpack_sharing_enabled":true,"jetpack_featured_media_url":"https:\/\/morefuture.de\/wp-content\/uploads\/2026\/08\/Klimawandel.png","_links":{"self":[{"href":"https:\/\/morefuture.de\/index.php?rest_route=\/wp\/v2\/posts\/1814","targetHints":{"allow":["GET"]}}],"collection":[{"href":"https:\/\/morefuture.de\/index.php?rest_route=\/wp\/v2\/posts"}],"about":[{"href":"https:\/\/morefuture.de\/index.php?rest_route=\/wp\/v2\/types\/post"}],"author":[{"embeddable":true,"href":"https:\/\/morefuture.de\/index.php?rest_route=\/wp\/v2\/users\/1"}],"replies":[{"embeddable":true,"href":"https:\/\/morefuture.de\/index.php?rest_route=%2Fwp%2Fv2%2Fcomments&post=1814"}],"version-history":[{"count":2,"href":"https:\/\/morefuture.de\/index.php?rest_route=\/wp\/v2\/posts\/1814\/revisions"}],"predecessor-version":[{"id":1818,"href":"https:\/\/morefuture.de\/index.php?rest_route=\/wp\/v2\/posts\/1814\/revisions\/1818"}],"wp:featuredmedia":[{"embeddable":true,"href":"https:\/\/morefuture.de\/index.php?rest_route=\/wp\/v2\/media\/1815"}],"wp:attachment":[{"href":"https:\/\/morefuture.de\/index.php?rest_route=%2Fwp%2Fv2%2Fmedia&parent=1814"}],"wp:term":[{"taxonomy":"category","embeddable":true,"href":"https:\/\/morefuture.de\/index.php?rest_route=%2Fwp%2Fv2%2Fcategories&post=1814"},{"taxonomy":"post_tag","embeddable":true,"href":"https:\/\/morefuture.de\/index.php?rest_route=%2Fwp%2Fv2%2Ftags&post=1814"}],"curies":[{"name":"wp","href":"https:\/\/api.w.org\/{rel}","templated":true}]}}