{"id":1584,"date":"2026-03-11T15:23:56","date_gmt":"2026-03-11T15:23:56","guid":{"rendered":"https:\/\/morefuture.de\/?p=1584"},"modified":"2026-03-11T16:05:21","modified_gmt":"2026-03-11T16:05:21","slug":"das-56-kuhmo-kammermusikfestival-ein-fest-der-feste","status":"publish","type":"post","link":"https:\/\/morefuture.de\/?p=1584","title":{"rendered":"Das 56. Kuhmo Kammermusikfestival \u2013 ein Fest der Feste!"},"content":{"rendered":"\n<p>Das Festival des Jahres 2026 der Finland Festivals steht unter dem Motto \u201eFeste und Zeremonien\u201c. Die 56. Ausgabe des Kuhmo Kammermusikfestivals findet vom 12. bis 25. Juli 2026 statt. Die k\u00fcnstlerischen Leiter Minna Pensola und Antti Tikkanen haben ein Programm rund um das Thema \u201eFeste und Zeremonien\u201c zusammengestellt. Das zweiw\u00f6chige Festivalprogramm umfasst 60 Konzerte, die alles von Ostern bis Weihnachten, vom Muttertag bis zu Abschlussfeiern feiern. Das Festival feiert Gleichberechtigung, die Pride-Bewegung, Biodiversit\u00e4t und w\u00fcrdigt zudem zahlreiche Komponistenjubil\u00e4en, finnische Flaggentage und Rituale verschiedener Kulturen. Die k\u00fcnstlerischen Leiter Minna Pensola und Antti Tikkanen beschreiben, wie sie auf das diesj\u00e4hrige Motto gekommen sind. Das Thema des diesj\u00e4hrigen Festivals war noch vage, als uns pl\u00f6tzlich immer h\u00e4ufiger verschiedene Anl\u00e4sse zum Feiern in den Sinn kamen. Nat\u00fcrlich wussten wir bereits, dass Oulu, Kuhmo und 38 weitere Gemeinden in Nordfinnland 2026 Kulturhauptstadt Europas sein w\u00fcrden, aber zu unserer \u00dcberraschung fielen auch einige Feierlichkeiten innerhalb unseres eigenen Festivals in das Jahr 2026. Es schien, als ob alles zusammenpasste. Kuhmo Chamber Music 2026 verspricht ein riesiges Fest zu werden. Gegen Ende 2025 erreichte uns eine weitere gute Nachricht von der Organisation der finnischen Festivals, die das Festivalthema endg\u00fcltig festlegte: Kuhmo Chamber Music wurde zum Festival des Jahres 2026 gek\u00fcrt. Oulu und die Region: Kulturhauptstadt Europas 2026<br>Zu den H\u00f6hepunkten des diesj\u00e4hrigen Festivals z\u00e4hlen die zahlreichen Werke, die im Rahmen der verschiedenen Themen des Projekts Oulu2026 neu in Auftrag gegeben wurden. Olli Mustonens Sonate f\u00fcr zwei Violinen (Thema: K\u00fchle Kontraste) wird am Freitag, den 17. Juli, von Minna und Antti selbst uraufgef\u00fchrt. Cecilia Damstr\u00f6ms neues Bl\u00e4serquintett (Thema: Wilde Stadt) tr\u00e4gt den Namen Raakku, nach der bedrohten finnischen Flussperlmuschel. Die Urauff\u00fchrung findet am Montag, den 20. Juli, durch das Orsino Ensemble statt. Krishna Nagarajas \u201ePeripherien\u201c f\u00fcr Streichquartett (Thema: Tapferes Hinterland) erklingt am Donnerstag, den 23. Juli, gespielt vom Meta4 Streichquartett. Jedes neue Werk ist thematisch geordnet, und die Komponisten stellen ihre Werke am Morgen der jeweiligen Urauff\u00fchrung vor.<\/p>\n\n\n\n<p>Bedeutende Jubil\u00e4en im Jahr 2026<\/p>\n\n\n\n<p>Das Programm der Kuhmo Kammermusik 2026 feiert zahlreiche Geburtstage und Jubil\u00e4en. Zu den diesj\u00e4hrigen Jubil\u00e4en z\u00e4hlen das Festivalensemble Meta4 (25 Jahre), das Storioni Trio (30 Jahre) und das Danel Quartett (35 Jahre). Der Festivalveranstalter, die Kuhmo Music Society, feiert ihr 60-j\u00e4hriges Bestehen, und der F\u00f6rderverein des Kuhmo Chamber Music Festivals wird 50-j\u00e4hrig. Auch langj\u00e4hrige Partner haben Grund zum Feiern: 2026 begeht die Stadt Kuhmo ihr 40-j\u00e4hriges Bestehen und der finnische Rundfunk YLE sogar ihr 100-j\u00e4hriges! Das Storioni Trio und das Danel Quartett konnten ihre Jubil\u00e4umskonzerte frei gestalten, und jedem unserer anderen Partner wurde ein eigenes Programm gewidmet.<br>Das Konzert zum Jubil\u00e4um der Stadt Kuhmo umfasst Werke, die als Geburtstagsgeschenke komponiert wurden. Darunter befinden sich Robert Schumanns Streichquartett, das er seiner Frau zum Geburtstag schenkte, und ein Werk, das Olli Mustonen f\u00fcr den Cellisten Steven Isserlis komponierte. Das Konzert zum hundertj\u00e4hrigen Jubil\u00e4um von YLE entf\u00fchrt uns in die Anf\u00e4nge des finnischen Rundfunks mit seinen kommentierten Radiosendungen. Das Konzert zum 25-j\u00e4hrigen Jubil\u00e4um von Meta4 l\u00e4sst die 270-j\u00e4hrige Geschichte des Streichquartetts in wenigen Stunden Revue passieren. Der Komponist und Schriftsteller Osmo Tapio R\u00e4ih\u00e4l\u00e4 f\u00fchrt durch das Programm.<br>Diesen Sommer kehrt Kainuus Diva Ulla Tapaninen zu ihren Wurzeln zur\u00fcck. Die \u201eAfter Eight Comedy Show\u201c, kuratiert zu Tapaninens 70. Geburtstag, pr\u00e4sentiert Ausz\u00fcge aus dem Werk \u201eDas kurztemperierte Klavier\u201c des Musiksatirikers P.D.Q. Bach.<br>Unser Kinderkonzert feiert den Geburtstag von Ella, der von Timo Parvela erschaffenen Figur. Das Kinderkonzert pr\u00e4sentiert Werke der vielversprechenden Nachwuchskomponisten Clara Schumann, Gioacchino Rossini, Felix Mendelssohn, Olli Mustonen und Dmitri Schostakowitsch. Wir feiern auch die Geburtsstunde des Streichquartetts selbst.<\/p>\n\n\n\n<p>Jahreszeiten und Rituale<\/p>\n\n\n\n<p>Viele Feste sind mit dem Wechsel der Jahreszeiten verbunden. Dieses Jahr gibt es Konzerte zu Weihnachten, Ostern, Allerheiligen, M\u00fcttern, V\u00e4tern, Freunden und Unternehmern. Finnland hat viele offizielle Feiertage, aber wir feiern einige wichtige: den Internationalen Tag der Kinderrechte, den Tag der Gleichstellung (Minna-Canth-Tag) und den Tag der Finnischen Musik (Jean Sibelius\u2019 Geburtstag). Bei unserem Konzert \u201eFr\u00fchlingsfest\u201c spielen wir alle gemeinsam \u201eGaudeamus igitur\u201c zu Ehren der Schulabg\u00e4nger.<br>Das Festival beginnt mit Karnevalsstimmung. Unsere Reise f\u00fchrt uns von Brasilien nach Venedig.<\/p>\n\n\n\n<p><a href=\"http:\/\/www.kuhmofestival.fi\/\">www.kuhmofestival.fi<\/a><a href=\"http:\/\/www.kuhmofestival.fi\">http:\/\/www.kuhmofestival.fi<\/a><\/p>\n","protected":false},"excerpt":{"rendered":"<p>Artistic directors Minna Pensola and Antti Tikkanen, Foto: Stefan Bremer<\/p>\n","protected":false},"author":1,"featured_media":1585,"comment_status":"closed","ping_status":"open","sticky":false,"template":"","format":"standard","meta":{"_uf_show_specific_survey":0,"_uf_disable_surveys":false,"_jetpack_memberships_contains_paid_content":false,"footnotes":""},"categories":[414,460,396],"tags":[766,763,764,762,761,765],"class_list":["post-1584","post","type-post","status-publish","format-standard","has-post-thumbnail","hentry","category-freizeit","category-freizeitreisen","category-reisen","tag-antti-tikkanen","tag-finland","tag-finnland","tag-kuhmo","tag-kuhmo-kammermusikfestival","tag-minna-pensola"],"yoast_head":"<!-- This site is optimized with the Yoast SEO plugin v26.4 - https:\/\/yoast.com\/wordpress\/plugins\/seo\/ -->\n<title>Das 56. Kuhmo Kammermusikfestival \u2013 ein Fest der Feste! -<\/title>\n<meta name=\"robots\" content=\"index, follow, max-snippet:-1, max-image-preview:large, max-video-preview:-1\" \/>\n<link rel=\"canonical\" href=\"http:\/\/morefuture.de\/?p=1584\" \/>\n<meta property=\"og:locale\" content=\"de_DE\" \/>\n<meta property=\"og:type\" content=\"article\" \/>\n<meta property=\"og:title\" content=\"Das 56. Kuhmo Kammermusikfestival \u2013 ein Fest der Feste! -\" \/>\n<meta property=\"og:description\" content=\"Artistic directors Minna Pensola and Antti Tikkanen, Foto: Stefan Bremer\" \/>\n<meta property=\"og:url\" content=\"http:\/\/morefuture.de\/?p=1584\" \/>\n<meta property=\"article:published_time\" content=\"2026-03-11T15:23:56+00:00\" \/>\n<meta property=\"article:modified_time\" content=\"2026-03-11T16:05:21+00:00\" \/>\n<meta property=\"og:image\" content=\"http:\/\/morefuture.de\/wp-content\/uploads\/2026\/03\/Design-ohne-Titel-1024x683.png\" \/>\n\t<meta property=\"og:image:width\" content=\"1024\" \/>\n\t<meta property=\"og:image:height\" content=\"683\" \/>\n\t<meta property=\"og:image:type\" content=\"image\/png\" \/>\n<meta name=\"author\" content=\"krumstroh\" \/>\n<meta name=\"twitter:card\" content=\"summary_large_image\" \/>\n<meta name=\"twitter:label1\" content=\"Verfasst von\" \/>\n\t<meta name=\"twitter:data1\" content=\"krumstroh\" \/>\n\t<meta name=\"twitter:label2\" content=\"Gesch\u00e4tzte Lesezeit\" \/>\n\t<meta name=\"twitter:data2\" content=\"4\u00a0Minuten\" \/>\n<script type=\"application\/ld+json\" class=\"yoast-schema-graph\">{\"@context\":\"https:\/\/schema.org\",\"@graph\":[{\"@type\":\"WebPage\",\"@id\":\"http:\/\/morefuture.de\/?p=1584\",\"url\":\"http:\/\/morefuture.de\/?p=1584\",\"name\":\"Das 56. Kuhmo Kammermusikfestival \u2013 ein Fest der Feste! -\",\"isPartOf\":{\"@id\":\"http:\/\/morefuture.de\/#website\"},\"primaryImageOfPage\":{\"@id\":\"http:\/\/morefuture.de\/?p=1584#primaryimage\"},\"image\":{\"@id\":\"http:\/\/morefuture.de\/?p=1584#primaryimage\"},\"thumbnailUrl\":\"https:\/\/morefuture.de\/wp-content\/uploads\/2026\/03\/Design-ohne-Titel.png\",\"datePublished\":\"2026-03-11T15:23:56+00:00\",\"dateModified\":\"2026-03-11T16:05:21+00:00\",\"author\":{\"@id\":\"http:\/\/morefuture.de\/#\/schema\/person\/43397e37856f92ef9b771dae09596e47\"},\"breadcrumb\":{\"@id\":\"http:\/\/morefuture.de\/?p=1584#breadcrumb\"},\"inLanguage\":\"de\",\"potentialAction\":[{\"@type\":\"ReadAction\",\"target\":[\"http:\/\/morefuture.de\/?p=1584\"]}]},{\"@type\":\"ImageObject\",\"inLanguage\":\"de\",\"@id\":\"http:\/\/morefuture.de\/?p=1584#primaryimage\",\"url\":\"https:\/\/morefuture.de\/wp-content\/uploads\/2026\/03\/Design-ohne-Titel.png\",\"contentUrl\":\"https:\/\/morefuture.de\/wp-content\/uploads\/2026\/03\/Design-ohne-Titel.png\",\"width\":2560,\"height\":1708,\"caption\":\"Artistic directors Minna Pensola and Antti Tikkanen, Foto: Stefan Bremer\"},{\"@type\":\"BreadcrumbList\",\"@id\":\"http:\/\/morefuture.de\/?p=1584#breadcrumb\",\"itemListElement\":[{\"@type\":\"ListItem\",\"position\":1,\"name\":\"Startseite\",\"item\":\"http:\/\/morefuture.de\/\"},{\"@type\":\"ListItem\",\"position\":2,\"name\":\"Das 56. Kuhmo Kammermusikfestival \u2013 ein Fest der Feste!\"}]},{\"@type\":\"WebSite\",\"@id\":\"http:\/\/morefuture.de\/#website\",\"url\":\"http:\/\/morefuture.de\/\",\"name\":\"\",\"description\":\"\",\"potentialAction\":[{\"@type\":\"SearchAction\",\"target\":{\"@type\":\"EntryPoint\",\"urlTemplate\":\"http:\/\/morefuture.de\/?s={search_term_string}\"},\"query-input\":{\"@type\":\"PropertyValueSpecification\",\"valueRequired\":true,\"valueName\":\"search_term_string\"}}],\"inLanguage\":\"de\"},{\"@type\":\"Person\",\"@id\":\"http:\/\/morefuture.de\/#\/schema\/person\/43397e37856f92ef9b771dae09596e47\",\"name\":\"krumstroh\",\"image\":{\"@type\":\"ImageObject\",\"inLanguage\":\"de\",\"@id\":\"http:\/\/morefuture.de\/#\/schema\/person\/image\/\",\"url\":\"https:\/\/secure.gravatar.com\/avatar\/5244634881f9e6c413c3af40e12d9739c11eb24b7dd8a854bb2d0c11816b10a8?s=96&d=mm&r=g\",\"contentUrl\":\"https:\/\/secure.gravatar.com\/avatar\/5244634881f9e6c413c3af40e12d9739c11eb24b7dd8a854bb2d0c11816b10a8?s=96&d=mm&r=g\",\"caption\":\"krumstroh\"},\"url\":\"https:\/\/morefuture.de\/?author=1\"}]}<\/script>\n<!-- \/ Yoast SEO plugin. -->","yoast_head_json":{"title":"Das 56. Kuhmo Kammermusikfestival \u2013 ein Fest der Feste! -","robots":{"index":"index","follow":"follow","max-snippet":"max-snippet:-1","max-image-preview":"max-image-preview:large","max-video-preview":"max-video-preview:-1"},"canonical":"http:\/\/morefuture.de\/?p=1584","og_locale":"de_DE","og_type":"article","og_title":"Das 56. Kuhmo Kammermusikfestival \u2013 ein Fest der Feste! -","og_description":"Artistic directors Minna Pensola and Antti Tikkanen, Foto: Stefan Bremer","og_url":"http:\/\/morefuture.de\/?p=1584","article_published_time":"2026-03-11T15:23:56+00:00","article_modified_time":"2026-03-11T16:05:21+00:00","og_image":[{"width":1024,"height":683,"url":"http:\/\/morefuture.de\/wp-content\/uploads\/2026\/03\/Design-ohne-Titel-1024x683.png","type":"image\/png"}],"author":"krumstroh","twitter_card":"summary_large_image","twitter_misc":{"Verfasst von":"krumstroh","Gesch\u00e4tzte Lesezeit":"4\u00a0Minuten"},"schema":{"@context":"https:\/\/schema.org","@graph":[{"@type":"WebPage","@id":"http:\/\/morefuture.de\/?p=1584","url":"http:\/\/morefuture.de\/?p=1584","name":"Das 56. Kuhmo Kammermusikfestival \u2013 ein Fest der Feste! -","isPartOf":{"@id":"http:\/\/morefuture.de\/#website"},"primaryImageOfPage":{"@id":"http:\/\/morefuture.de\/?p=1584#primaryimage"},"image":{"@id":"http:\/\/morefuture.de\/?p=1584#primaryimage"},"thumbnailUrl":"https:\/\/morefuture.de\/wp-content\/uploads\/2026\/03\/Design-ohne-Titel.png","datePublished":"2026-03-11T15:23:56+00:00","dateModified":"2026-03-11T16:05:21+00:00","author":{"@id":"http:\/\/morefuture.de\/#\/schema\/person\/43397e37856f92ef9b771dae09596e47"},"breadcrumb":{"@id":"http:\/\/morefuture.de\/?p=1584#breadcrumb"},"inLanguage":"de","potentialAction":[{"@type":"ReadAction","target":["http:\/\/morefuture.de\/?p=1584"]}]},{"@type":"ImageObject","inLanguage":"de","@id":"http:\/\/morefuture.de\/?p=1584#primaryimage","url":"https:\/\/morefuture.de\/wp-content\/uploads\/2026\/03\/Design-ohne-Titel.png","contentUrl":"https:\/\/morefuture.de\/wp-content\/uploads\/2026\/03\/Design-ohne-Titel.png","width":2560,"height":1708,"caption":"Artistic directors Minna Pensola and Antti Tikkanen, Foto: Stefan Bremer"},{"@type":"BreadcrumbList","@id":"http:\/\/morefuture.de\/?p=1584#breadcrumb","itemListElement":[{"@type":"ListItem","position":1,"name":"Startseite","item":"http:\/\/morefuture.de\/"},{"@type":"ListItem","position":2,"name":"Das 56. Kuhmo Kammermusikfestival \u2013 ein Fest der Feste!"}]},{"@type":"WebSite","@id":"http:\/\/morefuture.de\/#website","url":"http:\/\/morefuture.de\/","name":"","description":"","potentialAction":[{"@type":"SearchAction","target":{"@type":"EntryPoint","urlTemplate":"http:\/\/morefuture.de\/?s={search_term_string}"},"query-input":{"@type":"PropertyValueSpecification","valueRequired":true,"valueName":"search_term_string"}}],"inLanguage":"de"},{"@type":"Person","@id":"http:\/\/morefuture.de\/#\/schema\/person\/43397e37856f92ef9b771dae09596e47","name":"krumstroh","image":{"@type":"ImageObject","inLanguage":"de","@id":"http:\/\/morefuture.de\/#\/schema\/person\/image\/","url":"https:\/\/secure.gravatar.com\/avatar\/5244634881f9e6c413c3af40e12d9739c11eb24b7dd8a854bb2d0c11816b10a8?s=96&d=mm&r=g","contentUrl":"https:\/\/secure.gravatar.com\/avatar\/5244634881f9e6c413c3af40e12d9739c11eb24b7dd8a854bb2d0c11816b10a8?s=96&d=mm&r=g","caption":"krumstroh"},"url":"https:\/\/morefuture.de\/?author=1"}]}},"jetpack_featured_media_url":"https:\/\/morefuture.de\/wp-content\/uploads\/2026\/03\/Design-ohne-Titel.png","jetpack_sharing_enabled":true,"_links":{"self":[{"href":"https:\/\/morefuture.de\/index.php?rest_route=\/wp\/v2\/posts\/1584","targetHints":{"allow":["GET"]}}],"collection":[{"href":"https:\/\/morefuture.de\/index.php?rest_route=\/wp\/v2\/posts"}],"about":[{"href":"https:\/\/morefuture.de\/index.php?rest_route=\/wp\/v2\/types\/post"}],"author":[{"embeddable":true,"href":"https:\/\/morefuture.de\/index.php?rest_route=\/wp\/v2\/users\/1"}],"replies":[{"embeddable":true,"href":"https:\/\/morefuture.de\/index.php?rest_route=%2Fwp%2Fv2%2Fcomments&post=1584"}],"version-history":[{"count":2,"href":"https:\/\/morefuture.de\/index.php?rest_route=\/wp\/v2\/posts\/1584\/revisions"}],"predecessor-version":[{"id":1594,"href":"https:\/\/morefuture.de\/index.php?rest_route=\/wp\/v2\/posts\/1584\/revisions\/1594"}],"wp:featuredmedia":[{"embeddable":true,"href":"https:\/\/morefuture.de\/index.php?rest_route=\/wp\/v2\/media\/1585"}],"wp:attachment":[{"href":"https:\/\/morefuture.de\/index.php?rest_route=%2Fwp%2Fv2%2Fmedia&parent=1584"}],"wp:term":[{"taxonomy":"category","embeddable":true,"href":"https:\/\/morefuture.de\/index.php?rest_route=%2Fwp%2Fv2%2Fcategories&post=1584"},{"taxonomy":"post_tag","embeddable":true,"href":"https:\/\/morefuture.de\/index.php?rest_route=%2Fwp%2Fv2%2Ftags&post=1584"}],"curies":[{"name":"wp","href":"https:\/\/api.w.org\/{rel}","templated":true}]}}