{"id":1336,"date":"2025-05-02T12:18:03","date_gmt":"2025-05-02T12:18:03","guid":{"rendered":"https:\/\/morefuture.de\/?p=1336"},"modified":"2025-06-06T14:36:10","modified_gmt":"2025-06-06T14:36:10","slug":"speichervolumen-von-co2-endlagern-in-nordsee-stark-ueberschaetzt","status":"publish","type":"post","link":"https:\/\/morefuture.de\/?p=1336","title":{"rendered":"Speichervolumen von CO2-Endlagern in Nordsee stark \u00fcbersch\u00e4tzt"},"content":{"rendered":"\n<p><strong>Nationale Meereskonferenz muss Meere vor weiterer Industrialisierung sch\u00fctzen<\/strong><\/p>\n\n\n\n<p>Unmittelbar vor der Nationalen Meereskonferenz am 6. und 7. Mai in Berlin warnt Greenpeace vor der weiteren Industrialisierung der Nordsee durch das Verpressen von CO2. Die geplanten Endlager f\u00fcr Kohlenstoffdioxid in der Nordsee k\u00f6nnen nicht so viel klimasch\u00e4dliches CO2 aufnehmen wie von der Politik in Aussicht gestellt, so eine aktuelle <a href=\"https:\/\/act.gp\/44Laonb\">Studie<\/a> des Geochemikers Dr. Ralf Krupp im Auftrag von Greenpeace. Demnach leisten die unterirdischen Deponien keinen entscheidenden Beitrag zur Reduzierung von Treibhausgasen in der Atmosph\u00e4re. Die Studie weist au\u00dferdem auf Sicherheitsrisiken beim Verpressen von CO2 im Untergrund hin und geht dabei speziell auf die geologischen Gegebenheiten in den daf\u00fcr vorgesehenen Gebieten in der Nordsee ein.<br>Die Studie kritisiert insbesondere die Vorannahmen des Forschungsverbunds Geostor, den die vergangene Bundesregierung damit beauftragt hat, die Speicherkapazit\u00e4ten f\u00fcr CO2-Endlager abzusch\u00e4tzen. Auch die k\u00fcnftige Bundesregierung plant laut Koalitionsvertrag, die CO2-Abscheidung und -Speicherung (CCS) in Deutschland erstmals im industriellen Ma\u00dfstab zuzulassen \u2013 auch beim Betrieb von Gaskraftwerken.<\/p>\n\n\n\n<p>&#8222;Geostor rechnet das Konzept der CO2-Endlager unter der Nordsee sch\u00f6n, damit die Industrie ihr Gesch\u00e4ftsmodell nicht \u00e4ndern muss&#8220;, sagt Karsten Smid, Greenpeace-Experte f\u00fcr Klima und Energie. \u201cUnsere Studie zeigt, dass s\u00e4mtliche Aspekte der Carbon-Management-Strategie, die mit der Verpressung von Kohlenstoffdioxid zu tun haben, nicht zu Ende gedacht sind.\u201d Ein Beispiel, das der Verfasser anf\u00fchrt, ist die fehlende Eignung des sogenannten Henni-Salzkissens, einer geologischen Struktur au\u00dferhalb der K\u00fcstengew\u00e4sser, die von Geostor als potenzielles Endlager untersucht wurde. Die theoretischen Vorannahmen, auf die der Forschungsverbund seine Bewertung st\u00fctzt, lie\u00dfen sich in der Praxis bei vergleichbaren Projekten nicht best\u00e4tigen. Darum sei die vermeintliche Speicherkapazit\u00e4t der Struktur von 368 Millionen Tonnen CO2 nicht nachvollziehbar, so Krupp. Zudem bestehen erhebliche Zweifel an der Wirksamkeit der geologischen Barrieren.<\/p>\n\n\n\n<h2 class=\"wp-block-heading\">Faktencheck zur laufenden Debatte<\/h2>\n\n\n\n<p>Die Studie stellt nicht nur das Volumen der potenziellen Endlager in Frage, sondern auch die Geschwindigkeit, mit der CO2 dorthin verbracht werden soll. Die angepeilte Injektionsrate von 10 Millionen Tonnen Kohlenstoffdioxid pro Jahr ist zehnmal h\u00f6her als der Praxiswert im norwegischen CO2-Endlager Sleipner. Die Wirksamkeit der geologischen Barrieren, die das CO2 auf unbestimmte Zeit einschlie\u00dfen sollen, gilt zudem keineswegs als gesichert. Ebensowenig ist die grunds\u00e4tzliche Wirksamkeit der Kohlenstoffverpressung zweifelsfrei belegt. \u201cEs ist eine M\u00e4r, dass in den favorisierten Sandstein-Aquiferen gr\u00f6\u00dfere Mengen CO2 im Untergrund mineralisiert werden, also einen festen Zustand einnehmen und so dauerhaft im Boden verbleiben\u201d, sagt Dr. Ralf Krupp. Das 100-seitige Papier \u201cGeologische Risiken der CO2-Verpressung in der Nordsee\u201d liefert einen fundierten Faktencheck zu g\u00e4ngigen Annahmen \u00fcber den Nutzen und die Sicherheit von Carbon Capture and Storage (CCS). \u201cDie Schlussfolgerung daraus kann nur lauten: CCS ist ein teures Luftschloss, mit dem Gaskonzerne das fossile Zeitalter k\u00fcnstlich verl\u00e4ngern. Echte Klimaschutzl\u00f6sungen wie erneuerbare Energien und Energieeinsparung werden dadurch ausgebremst\u201d, so Smid.<\/p>\n\n\n\n<p>Link zur <a href=\"https:\/\/www.greenpeace.de\/publikationen\/geologische-risiken-der-co2-verpressung-in-der-nordsee?utm_campaign=fossil-fuels&amp;utm_source=pm&amp;utm_medium=referral&amp;utm_content=press-release&amp;utm_term=20240502-ccs-nordsee\">Studie vom 2.5.2025<\/a><\/p>\n\n\n\n<p>Quelle: <a href=\"http:\/\/www.greenpeace.de\">Greenpeace<\/a><\/p>\n","protected":false},"excerpt":{"rendered":"<p>Nationale Meereskonferenz muss Meere vor weiterer Industrialisierung sch\u00fctzen Unmittelbar vor der Nationalen Meereskonferenz am 6. und 7. Mai in Berlin warnt Greenpeace vor der weiteren Industrialisierung der Nordsee durch das Verpressen von CO2. Die geplanten Endlager f\u00fcr Kohlenstoffdioxid in der Nordsee k\u00f6nnen nicht so viel klimasch\u00e4dliches CO2 aufnehmen wie von der Politik in Aussicht gestellt, [&hellip;]<\/p>\n","protected":false},"author":1,"featured_media":1228,"comment_status":"closed","ping_status":"open","sticky":false,"template":"","format":"standard","meta":{"_uf_show_specific_survey":0,"_uf_disable_surveys":false,"_jetpack_memberships_contains_paid_content":false,"footnotes":""},"categories":[415],"tags":[504,507,502,500,506,503,328,466,505,501,499],"class_list":["post-1336","post","type-post","status-publish","format-standard","has-post-thumbnail","hentry","category-klimaumwelt","tag-carbon-management-strategie","tag-ccs","tag-co2","tag-co2-endlager","tag-co2-verpressung","tag-geostor","tag-greenpeace","tag-koalitionsvertrag","tag-kohlenstoffdioxid","tag-meere","tag-meereskonferenz"],"yoast_head":"<!-- This site is optimized with the Yoast SEO plugin v26.4 - https:\/\/yoast.com\/wordpress\/plugins\/seo\/ -->\n<title>Speichervolumen von CO2-Endlagern in Nordsee stark \u00fcbersch\u00e4tzt -<\/title>\n<meta name=\"robots\" content=\"index, follow, max-snippet:-1, max-image-preview:large, max-video-preview:-1\" \/>\n<link rel=\"canonical\" href=\"https:\/\/morefuture.de\/?p=1336\" \/>\n<meta property=\"og:locale\" content=\"de_DE\" \/>\n<meta property=\"og:type\" content=\"article\" \/>\n<meta property=\"og:title\" content=\"Speichervolumen von CO2-Endlagern in Nordsee stark \u00fcbersch\u00e4tzt -\" \/>\n<meta property=\"og:description\" content=\"Nationale Meereskonferenz muss Meere vor weiterer Industrialisierung sch\u00fctzen Unmittelbar vor der Nationalen Meereskonferenz am 6. und 7. Mai in Berlin warnt Greenpeace vor der weiteren Industrialisierung der Nordsee durch das Verpressen von CO2. Die geplanten Endlager f\u00fcr Kohlenstoffdioxid in der Nordsee k\u00f6nnen nicht so viel klimasch\u00e4dliches CO2 aufnehmen wie von der Politik in Aussicht gestellt, [&hellip;]\" \/>\n<meta property=\"og:url\" content=\"https:\/\/morefuture.de\/?p=1336\" \/>\n<meta property=\"article:published_time\" content=\"2025-05-02T12:18:03+00:00\" \/>\n<meta property=\"article:modified_time\" content=\"2025-06-06T14:36:10+00:00\" \/>\n<meta property=\"og:image\" content=\"https:\/\/morefuture.de\/wp-content\/uploads\/2025\/03\/1-DSC_-Buxbaum-klein.jpg\" \/>\n\t<meta property=\"og:image:width\" content=\"340\" \/>\n\t<meta property=\"og:image:height\" content=\"226\" \/>\n\t<meta property=\"og:image:type\" content=\"image\/jpeg\" \/>\n<meta name=\"author\" content=\"krumstroh\" \/>\n<meta name=\"twitter:card\" content=\"summary_large_image\" \/>\n<meta name=\"twitter:label1\" content=\"Verfasst von\" \/>\n\t<meta name=\"twitter:data1\" content=\"krumstroh\" \/>\n\t<meta name=\"twitter:label2\" content=\"Gesch\u00e4tzte Lesezeit\" \/>\n\t<meta name=\"twitter:data2\" content=\"3\u00a0Minuten\" \/>\n<script type=\"application\/ld+json\" class=\"yoast-schema-graph\">{\"@context\":\"https:\/\/schema.org\",\"@graph\":[{\"@type\":\"WebPage\",\"@id\":\"https:\/\/morefuture.de\/?p=1336\",\"url\":\"https:\/\/morefuture.de\/?p=1336\",\"name\":\"Speichervolumen von CO2-Endlagern in Nordsee stark \u00fcbersch\u00e4tzt -\",\"isPartOf\":{\"@id\":\"http:\/\/morefuture.de\/#website\"},\"primaryImageOfPage\":{\"@id\":\"https:\/\/morefuture.de\/?p=1336#primaryimage\"},\"image\":{\"@id\":\"https:\/\/morefuture.de\/?p=1336#primaryimage\"},\"thumbnailUrl\":\"https:\/\/morefuture.de\/wp-content\/uploads\/2025\/03\/1-DSC_-Buxbaum-klein.jpg\",\"datePublished\":\"2025-05-02T12:18:03+00:00\",\"dateModified\":\"2025-06-06T14:36:10+00:00\",\"author\":{\"@id\":\"http:\/\/morefuture.de\/#\/schema\/person\/43397e37856f92ef9b771dae09596e47\"},\"breadcrumb\":{\"@id\":\"https:\/\/morefuture.de\/?p=1336#breadcrumb\"},\"inLanguage\":\"de\",\"potentialAction\":[{\"@type\":\"ReadAction\",\"target\":[\"https:\/\/morefuture.de\/?p=1336\"]}]},{\"@type\":\"ImageObject\",\"inLanguage\":\"de\",\"@id\":\"https:\/\/morefuture.de\/?p=1336#primaryimage\",\"url\":\"https:\/\/morefuture.de\/wp-content\/uploads\/2025\/03\/1-DSC_-Buxbaum-klein.jpg\",\"contentUrl\":\"https:\/\/morefuture.de\/wp-content\/uploads\/2025\/03\/1-DSC_-Buxbaum-klein.jpg\",\"width\":340,\"height\":226},{\"@type\":\"BreadcrumbList\",\"@id\":\"https:\/\/morefuture.de\/?p=1336#breadcrumb\",\"itemListElement\":[{\"@type\":\"ListItem\",\"position\":1,\"name\":\"Startseite\",\"item\":\"http:\/\/morefuture.de\/\"},{\"@type\":\"ListItem\",\"position\":2,\"name\":\"Speichervolumen von CO2-Endlagern in Nordsee stark \u00fcbersch\u00e4tzt\"}]},{\"@type\":\"WebSite\",\"@id\":\"http:\/\/morefuture.de\/#website\",\"url\":\"http:\/\/morefuture.de\/\",\"name\":\"\",\"description\":\"\",\"potentialAction\":[{\"@type\":\"SearchAction\",\"target\":{\"@type\":\"EntryPoint\",\"urlTemplate\":\"http:\/\/morefuture.de\/?s={search_term_string}\"},\"query-input\":{\"@type\":\"PropertyValueSpecification\",\"valueRequired\":true,\"valueName\":\"search_term_string\"}}],\"inLanguage\":\"de\"},{\"@type\":\"Person\",\"@id\":\"http:\/\/morefuture.de\/#\/schema\/person\/43397e37856f92ef9b771dae09596e47\",\"name\":\"krumstroh\",\"image\":{\"@type\":\"ImageObject\",\"inLanguage\":\"de\",\"@id\":\"http:\/\/morefuture.de\/#\/schema\/person\/image\/\",\"url\":\"https:\/\/secure.gravatar.com\/avatar\/5244634881f9e6c413c3af40e12d9739c11eb24b7dd8a854bb2d0c11816b10a8?s=96&d=mm&r=g\",\"contentUrl\":\"https:\/\/secure.gravatar.com\/avatar\/5244634881f9e6c413c3af40e12d9739c11eb24b7dd8a854bb2d0c11816b10a8?s=96&d=mm&r=g\",\"caption\":\"krumstroh\"},\"url\":\"https:\/\/morefuture.de\/?author=1\"}]}<\/script>\n<!-- \/ Yoast SEO plugin. -->","yoast_head_json":{"title":"Speichervolumen von CO2-Endlagern in Nordsee stark \u00fcbersch\u00e4tzt -","robots":{"index":"index","follow":"follow","max-snippet":"max-snippet:-1","max-image-preview":"max-image-preview:large","max-video-preview":"max-video-preview:-1"},"canonical":"https:\/\/morefuture.de\/?p=1336","og_locale":"de_DE","og_type":"article","og_title":"Speichervolumen von CO2-Endlagern in Nordsee stark \u00fcbersch\u00e4tzt -","og_description":"Nationale Meereskonferenz muss Meere vor weiterer Industrialisierung sch\u00fctzen Unmittelbar vor der Nationalen Meereskonferenz am 6. und 7. Mai in Berlin warnt Greenpeace vor der weiteren Industrialisierung der Nordsee durch das Verpressen von CO2. Die geplanten Endlager f\u00fcr Kohlenstoffdioxid in der Nordsee k\u00f6nnen nicht so viel klimasch\u00e4dliches CO2 aufnehmen wie von der Politik in Aussicht gestellt, [&hellip;]","og_url":"https:\/\/morefuture.de\/?p=1336","article_published_time":"2025-05-02T12:18:03+00:00","article_modified_time":"2025-06-06T14:36:10+00:00","og_image":[{"width":340,"height":226,"url":"https:\/\/morefuture.de\/wp-content\/uploads\/2025\/03\/1-DSC_-Buxbaum-klein.jpg","type":"image\/jpeg"}],"author":"krumstroh","twitter_card":"summary_large_image","twitter_misc":{"Verfasst von":"krumstroh","Gesch\u00e4tzte Lesezeit":"3\u00a0Minuten"},"schema":{"@context":"https:\/\/schema.org","@graph":[{"@type":"WebPage","@id":"https:\/\/morefuture.de\/?p=1336","url":"https:\/\/morefuture.de\/?p=1336","name":"Speichervolumen von CO2-Endlagern in Nordsee stark \u00fcbersch\u00e4tzt -","isPartOf":{"@id":"http:\/\/morefuture.de\/#website"},"primaryImageOfPage":{"@id":"https:\/\/morefuture.de\/?p=1336#primaryimage"},"image":{"@id":"https:\/\/morefuture.de\/?p=1336#primaryimage"},"thumbnailUrl":"https:\/\/morefuture.de\/wp-content\/uploads\/2025\/03\/1-DSC_-Buxbaum-klein.jpg","datePublished":"2025-05-02T12:18:03+00:00","dateModified":"2025-06-06T14:36:10+00:00","author":{"@id":"http:\/\/morefuture.de\/#\/schema\/person\/43397e37856f92ef9b771dae09596e47"},"breadcrumb":{"@id":"https:\/\/morefuture.de\/?p=1336#breadcrumb"},"inLanguage":"de","potentialAction":[{"@type":"ReadAction","target":["https:\/\/morefuture.de\/?p=1336"]}]},{"@type":"ImageObject","inLanguage":"de","@id":"https:\/\/morefuture.de\/?p=1336#primaryimage","url":"https:\/\/morefuture.de\/wp-content\/uploads\/2025\/03\/1-DSC_-Buxbaum-klein.jpg","contentUrl":"https:\/\/morefuture.de\/wp-content\/uploads\/2025\/03\/1-DSC_-Buxbaum-klein.jpg","width":340,"height":226},{"@type":"BreadcrumbList","@id":"https:\/\/morefuture.de\/?p=1336#breadcrumb","itemListElement":[{"@type":"ListItem","position":1,"name":"Startseite","item":"http:\/\/morefuture.de\/"},{"@type":"ListItem","position":2,"name":"Speichervolumen von CO2-Endlagern in Nordsee stark \u00fcbersch\u00e4tzt"}]},{"@type":"WebSite","@id":"http:\/\/morefuture.de\/#website","url":"http:\/\/morefuture.de\/","name":"","description":"","potentialAction":[{"@type":"SearchAction","target":{"@type":"EntryPoint","urlTemplate":"http:\/\/morefuture.de\/?s={search_term_string}"},"query-input":{"@type":"PropertyValueSpecification","valueRequired":true,"valueName":"search_term_string"}}],"inLanguage":"de"},{"@type":"Person","@id":"http:\/\/morefuture.de\/#\/schema\/person\/43397e37856f92ef9b771dae09596e47","name":"krumstroh","image":{"@type":"ImageObject","inLanguage":"de","@id":"http:\/\/morefuture.de\/#\/schema\/person\/image\/","url":"https:\/\/secure.gravatar.com\/avatar\/5244634881f9e6c413c3af40e12d9739c11eb24b7dd8a854bb2d0c11816b10a8?s=96&d=mm&r=g","contentUrl":"https:\/\/secure.gravatar.com\/avatar\/5244634881f9e6c413c3af40e12d9739c11eb24b7dd8a854bb2d0c11816b10a8?s=96&d=mm&r=g","caption":"krumstroh"},"url":"https:\/\/morefuture.de\/?author=1"}]}},"jetpack_featured_media_url":"https:\/\/morefuture.de\/wp-content\/uploads\/2025\/03\/1-DSC_-Buxbaum-klein.jpg","jetpack_sharing_enabled":true,"_links":{"self":[{"href":"https:\/\/morefuture.de\/index.php?rest_route=\/wp\/v2\/posts\/1336","targetHints":{"allow":["GET"]}}],"collection":[{"href":"https:\/\/morefuture.de\/index.php?rest_route=\/wp\/v2\/posts"}],"about":[{"href":"https:\/\/morefuture.de\/index.php?rest_route=\/wp\/v2\/types\/post"}],"author":[{"embeddable":true,"href":"https:\/\/morefuture.de\/index.php?rest_route=\/wp\/v2\/users\/1"}],"replies":[{"embeddable":true,"href":"https:\/\/morefuture.de\/index.php?rest_route=%2Fwp%2Fv2%2Fcomments&post=1336"}],"version-history":[{"count":1,"href":"https:\/\/morefuture.de\/index.php?rest_route=\/wp\/v2\/posts\/1336\/revisions"}],"predecessor-version":[{"id":1337,"href":"https:\/\/morefuture.de\/index.php?rest_route=\/wp\/v2\/posts\/1336\/revisions\/1337"}],"wp:featuredmedia":[{"embeddable":true,"href":"https:\/\/morefuture.de\/index.php?rest_route=\/wp\/v2\/media\/1228"}],"wp:attachment":[{"href":"https:\/\/morefuture.de\/index.php?rest_route=%2Fwp%2Fv2%2Fmedia&parent=1336"}],"wp:term":[{"taxonomy":"category","embeddable":true,"href":"https:\/\/morefuture.de\/index.php?rest_route=%2Fwp%2Fv2%2Fcategories&post=1336"},{"taxonomy":"post_tag","embeddable":true,"href":"https:\/\/morefuture.de\/index.php?rest_route=%2Fwp%2Fv2%2Ftags&post=1336"}],"curies":[{"name":"wp","href":"https:\/\/api.w.org\/{rel}","templated":true}]}}