{"id":1294,"date":"2025-04-17T11:39:20","date_gmt":"2025-04-17T11:39:20","guid":{"rendered":"https:\/\/morefuture.de\/?p=1294"},"modified":"2026-01-08T10:25:43","modified_gmt":"2026-01-08T10:25:43","slug":"gedanken-zu-den-klimastatements-vom-april-2025","status":"publish","type":"post","link":"https:\/\/morefuture.de\/?p=1294","title":{"rendered":"Klimastatements vom April 2025"},"content":{"rendered":"\n<p>Wow, wenn man <a href=\"https:\/\/morefuture.de\/?p=1292\">das<\/a> liest, kann einem die Lust an der Zukunft vergehen. Der Gedanke an die leeren Regale in der Zukunft bereitet keine Freude. Aber die Klimakatastrophe ist Realit\u00e4t. Diese Statements mahnen uns, nun endlich aktiv zu werden, unser Verhalten zu \u00e4ndern und zumindest Entscheidungen f\u00fcr uns selbst zu treffen.<\/p>\n\n\n\n<p>Nun kommt wieder die Frage: &#8222;Was kann ich schon tun, ich habe doch keinen Einfluss drauf wie die da oben.&#8220; <\/p>\n\n\n\n<p>Wir k\u00f6nnen selbst aktiv werden und \u00fcberlegen, was wir in unserem kleinen Bereich tun k\u00f6nnen.<br>z.B.: Kleidung, M\u00f6bel, Autos k\u00f6nnen wir l\u00e4nger verwenden. Weniger Dinge neu kaufen. Plastik vermeiden. Weniger Auto fahren (auch mit dem E-Auto). Fahrgemeinschaften bilden, Gem\u00fcse ohne Plastik einkaufen. Weniger h\u00e4ufig in den Urlaub fliegen. Kurz duschen. Weniger Kosmetik kaufen und diese l\u00e4nger nutzen. Beim Hobby auf Nachhaltigkeit achten. H\u00e4ufiger demonstrieren gehen. \u00dcberlegen, wie weit Gegenst\u00e4nde gereist sind, die bei Dir auf dem Tisch liegen, stattdessen lieber Kurzreiseprodukte w\u00e4hlen. \u201eEigentlich wissen wir das doch schon alle, oder?\u201c<\/p>\n\n\n\n<p>Und die da oben k\u00f6nnen wir fragen, auffordern, aktivieren, mahnen und darauf hinweisen.<br>\u00dcbrigens, die da oben verstehen genau, worum es geht. Es f\u00e4llt ihnen nur schwer, es uns zu sagen. Manchmal glaube ich aber auch, dass Politiker vergessen, dass sie dort sitzen, weil wir sie gew\u00e4hlt haben. Ihnen wurde von uns ein Amt verliehen! Macht, Eigennutz und Karriere sollten dem entgegenstehen, es sei denn, es geschieht nicht aus Eigennutz, sondern im Interesse der B\u00fcrger. Manche Politiker vergessen die Interessen ihrer B\u00fcrge scheinbar auch, wenn sie Besuch von stets freundlichen aber klimafeindlichen Lobbyisten bekommen. Wichtiger ist, dass man sich als gew\u00e4hlter Politiker stattdessen auch um die weniger sch\u00f6nen Dinge k\u00fcmmern muss. Dazu geh\u00f6rt in Zukunft auch die &#8222;Gefahr von leeren Regalen&#8220;, weil bestimmte Produkte und Lebensmittel aufgrund der Klimakatastrophe nicht mehr produziert und geliefert werden k\u00f6nnen.<br>MoreFuture fragt nach. Wir werden uns in den kommenden Tagen einige Punkte \u00fcberlegen, warum man beim Klima keine wirkungsvolle Politik betreibt, warum sie uns nicht verraten, was auf uns zukommt und wie die Politiker das mit ihren Gewissen vereinbaren k\u00f6nnen. Vielleicht bekommen wir eine Antwort.<br>\u00dcbrigens, wir fragen nicht nach, um damit den Rechten und der AFD zuzuspielen. Die haben das Ganze rund ums Klima nicht begriffen, obwohl auch sie auf dieser Welt leben und dem gleichen Schicksal entgegengehen, wie wir. Aber das ist ein anderes Thema.<\/p>\n","protected":false},"excerpt":{"rendered":"<p>Wow, wenn man das liest, kann einem die Lust an der Zukunft vergehen. Der Gedanke an die leeren Regale in der Zukunft bereitet keine Freude. Aber die Klimakatastrophe ist Realit\u00e4t. Diese Statements mahnen uns, nun endlich aktiv zu werden, unser Verhalten zu \u00e4ndern und zumindest Entscheidungen f\u00fcr uns selbst zu treffen. Nun kommt wieder die [&hellip;]<\/p>\n","protected":false},"author":1,"featured_media":1237,"comment_status":"closed","ping_status":"open","sticky":false,"template":"","format":"standard","meta":{"_uf_show_specific_survey":0,"_uf_disable_surveys":false,"_jetpack_memberships_contains_paid_content":false,"footnotes":""},"categories":[415],"tags":[],"class_list":["post-1294","post","type-post","status-publish","format-standard","has-post-thumbnail","hentry","category-klimaumwelt"],"yoast_head":"<!-- This site is optimized with the Yoast SEO plugin v26.4 - https:\/\/yoast.com\/wordpress\/plugins\/seo\/ -->\n<title>Klimastatements vom April 2025 -<\/title>\n<meta name=\"robots\" content=\"index, follow, max-snippet:-1, max-image-preview:large, max-video-preview:-1\" \/>\n<link rel=\"canonical\" href=\"https:\/\/morefuture.de\/?p=1294\" \/>\n<meta property=\"og:locale\" content=\"de_DE\" \/>\n<meta property=\"og:type\" content=\"article\" \/>\n<meta property=\"og:title\" content=\"Klimastatements vom April 2025 -\" \/>\n<meta property=\"og:description\" content=\"Wow, wenn man das liest, kann einem die Lust an der Zukunft vergehen. Der Gedanke an die leeren Regale in der Zukunft bereitet keine Freude. Aber die Klimakatastrophe ist Realit\u00e4t. Diese Statements mahnen uns, nun endlich aktiv zu werden, unser Verhalten zu \u00e4ndern und zumindest Entscheidungen f\u00fcr uns selbst zu treffen. Nun kommt wieder die [&hellip;]\" \/>\n<meta property=\"og:url\" content=\"https:\/\/morefuture.de\/?p=1294\" \/>\n<meta property=\"article:published_time\" content=\"2025-04-17T11:39:20+00:00\" \/>\n<meta property=\"article:modified_time\" content=\"2026-01-08T10:25:43+00:00\" \/>\n<meta property=\"og:image\" content=\"https:\/\/morefuture.de\/wp-content\/uploads\/2024\/09\/20200801_122044-scaled.jpg\" \/>\n\t<meta property=\"og:image:width\" content=\"2560\" \/>\n\t<meta property=\"og:image:height\" content=\"1920\" \/>\n\t<meta property=\"og:image:type\" content=\"image\/jpeg\" \/>\n<meta name=\"author\" content=\"krumstroh\" \/>\n<meta name=\"twitter:card\" content=\"summary_large_image\" \/>\n<meta name=\"twitter:label1\" content=\"Verfasst von\" \/>\n\t<meta name=\"twitter:data1\" content=\"krumstroh\" \/>\n\t<meta name=\"twitter:label2\" content=\"Gesch\u00e4tzte Lesezeit\" \/>\n\t<meta name=\"twitter:data2\" content=\"3\u00a0Minuten\" \/>\n<script type=\"application\/ld+json\" class=\"yoast-schema-graph\">{\"@context\":\"https:\/\/schema.org\",\"@graph\":[{\"@type\":\"WebPage\",\"@id\":\"https:\/\/morefuture.de\/?p=1294\",\"url\":\"https:\/\/morefuture.de\/?p=1294\",\"name\":\"Klimastatements vom April 2025 -\",\"isPartOf\":{\"@id\":\"http:\/\/morefuture.de\/#website\"},\"primaryImageOfPage\":{\"@id\":\"https:\/\/morefuture.de\/?p=1294#primaryimage\"},\"image\":{\"@id\":\"https:\/\/morefuture.de\/?p=1294#primaryimage\"},\"thumbnailUrl\":\"https:\/\/morefuture.de\/wp-content\/uploads\/2024\/09\/20200801_122044-scaled.jpg\",\"datePublished\":\"2025-04-17T11:39:20+00:00\",\"dateModified\":\"2026-01-08T10:25:43+00:00\",\"author\":{\"@id\":\"http:\/\/morefuture.de\/#\/schema\/person\/43397e37856f92ef9b771dae09596e47\"},\"breadcrumb\":{\"@id\":\"https:\/\/morefuture.de\/?p=1294#breadcrumb\"},\"inLanguage\":\"de\",\"potentialAction\":[{\"@type\":\"ReadAction\",\"target\":[\"https:\/\/morefuture.de\/?p=1294\"]}]},{\"@type\":\"ImageObject\",\"inLanguage\":\"de\",\"@id\":\"https:\/\/morefuture.de\/?p=1294#primaryimage\",\"url\":\"https:\/\/morefuture.de\/wp-content\/uploads\/2024\/09\/20200801_122044-scaled.jpg\",\"contentUrl\":\"https:\/\/morefuture.de\/wp-content\/uploads\/2024\/09\/20200801_122044-scaled.jpg\",\"width\":2560,\"height\":1920},{\"@type\":\"BreadcrumbList\",\"@id\":\"https:\/\/morefuture.de\/?p=1294#breadcrumb\",\"itemListElement\":[{\"@type\":\"ListItem\",\"position\":1,\"name\":\"Startseite\",\"item\":\"http:\/\/morefuture.de\/\"},{\"@type\":\"ListItem\",\"position\":2,\"name\":\"Klimastatements vom April 2025\"}]},{\"@type\":\"WebSite\",\"@id\":\"http:\/\/morefuture.de\/#website\",\"url\":\"http:\/\/morefuture.de\/\",\"name\":\"\",\"description\":\"\",\"potentialAction\":[{\"@type\":\"SearchAction\",\"target\":{\"@type\":\"EntryPoint\",\"urlTemplate\":\"http:\/\/morefuture.de\/?s={search_term_string}\"},\"query-input\":{\"@type\":\"PropertyValueSpecification\",\"valueRequired\":true,\"valueName\":\"search_term_string\"}}],\"inLanguage\":\"de\"},{\"@type\":\"Person\",\"@id\":\"http:\/\/morefuture.de\/#\/schema\/person\/43397e37856f92ef9b771dae09596e47\",\"name\":\"krumstroh\",\"image\":{\"@type\":\"ImageObject\",\"inLanguage\":\"de\",\"@id\":\"http:\/\/morefuture.de\/#\/schema\/person\/image\/\",\"url\":\"https:\/\/secure.gravatar.com\/avatar\/5244634881f9e6c413c3af40e12d9739c11eb24b7dd8a854bb2d0c11816b10a8?s=96&d=mm&r=g\",\"contentUrl\":\"https:\/\/secure.gravatar.com\/avatar\/5244634881f9e6c413c3af40e12d9739c11eb24b7dd8a854bb2d0c11816b10a8?s=96&d=mm&r=g\",\"caption\":\"krumstroh\"},\"url\":\"https:\/\/morefuture.de\/?author=1\"}]}<\/script>\n<!-- \/ Yoast SEO plugin. -->","yoast_head_json":{"title":"Klimastatements vom April 2025 -","robots":{"index":"index","follow":"follow","max-snippet":"max-snippet:-1","max-image-preview":"max-image-preview:large","max-video-preview":"max-video-preview:-1"},"canonical":"https:\/\/morefuture.de\/?p=1294","og_locale":"de_DE","og_type":"article","og_title":"Klimastatements vom April 2025 -","og_description":"Wow, wenn man das liest, kann einem die Lust an der Zukunft vergehen. Der Gedanke an die leeren Regale in der Zukunft bereitet keine Freude. Aber die Klimakatastrophe ist Realit\u00e4t. Diese Statements mahnen uns, nun endlich aktiv zu werden, unser Verhalten zu \u00e4ndern und zumindest Entscheidungen f\u00fcr uns selbst zu treffen. Nun kommt wieder die [&hellip;]","og_url":"https:\/\/morefuture.de\/?p=1294","article_published_time":"2025-04-17T11:39:20+00:00","article_modified_time":"2026-01-08T10:25:43+00:00","og_image":[{"width":2560,"height":1920,"url":"https:\/\/morefuture.de\/wp-content\/uploads\/2024\/09\/20200801_122044-scaled.jpg","type":"image\/jpeg"}],"author":"krumstroh","twitter_card":"summary_large_image","twitter_misc":{"Verfasst von":"krumstroh","Gesch\u00e4tzte Lesezeit":"3\u00a0Minuten"},"schema":{"@context":"https:\/\/schema.org","@graph":[{"@type":"WebPage","@id":"https:\/\/morefuture.de\/?p=1294","url":"https:\/\/morefuture.de\/?p=1294","name":"Klimastatements vom April 2025 -","isPartOf":{"@id":"http:\/\/morefuture.de\/#website"},"primaryImageOfPage":{"@id":"https:\/\/morefuture.de\/?p=1294#primaryimage"},"image":{"@id":"https:\/\/morefuture.de\/?p=1294#primaryimage"},"thumbnailUrl":"https:\/\/morefuture.de\/wp-content\/uploads\/2024\/09\/20200801_122044-scaled.jpg","datePublished":"2025-04-17T11:39:20+00:00","dateModified":"2026-01-08T10:25:43+00:00","author":{"@id":"http:\/\/morefuture.de\/#\/schema\/person\/43397e37856f92ef9b771dae09596e47"},"breadcrumb":{"@id":"https:\/\/morefuture.de\/?p=1294#breadcrumb"},"inLanguage":"de","potentialAction":[{"@type":"ReadAction","target":["https:\/\/morefuture.de\/?p=1294"]}]},{"@type":"ImageObject","inLanguage":"de","@id":"https:\/\/morefuture.de\/?p=1294#primaryimage","url":"https:\/\/morefuture.de\/wp-content\/uploads\/2024\/09\/20200801_122044-scaled.jpg","contentUrl":"https:\/\/morefuture.de\/wp-content\/uploads\/2024\/09\/20200801_122044-scaled.jpg","width":2560,"height":1920},{"@type":"BreadcrumbList","@id":"https:\/\/morefuture.de\/?p=1294#breadcrumb","itemListElement":[{"@type":"ListItem","position":1,"name":"Startseite","item":"http:\/\/morefuture.de\/"},{"@type":"ListItem","position":2,"name":"Klimastatements vom April 2025"}]},{"@type":"WebSite","@id":"http:\/\/morefuture.de\/#website","url":"http:\/\/morefuture.de\/","name":"","description":"","potentialAction":[{"@type":"SearchAction","target":{"@type":"EntryPoint","urlTemplate":"http:\/\/morefuture.de\/?s={search_term_string}"},"query-input":{"@type":"PropertyValueSpecification","valueRequired":true,"valueName":"search_term_string"}}],"inLanguage":"de"},{"@type":"Person","@id":"http:\/\/morefuture.de\/#\/schema\/person\/43397e37856f92ef9b771dae09596e47","name":"krumstroh","image":{"@type":"ImageObject","inLanguage":"de","@id":"http:\/\/morefuture.de\/#\/schema\/person\/image\/","url":"https:\/\/secure.gravatar.com\/avatar\/5244634881f9e6c413c3af40e12d9739c11eb24b7dd8a854bb2d0c11816b10a8?s=96&d=mm&r=g","contentUrl":"https:\/\/secure.gravatar.com\/avatar\/5244634881f9e6c413c3af40e12d9739c11eb24b7dd8a854bb2d0c11816b10a8?s=96&d=mm&r=g","caption":"krumstroh"},"url":"https:\/\/morefuture.de\/?author=1"}]}},"jetpack_featured_media_url":"https:\/\/morefuture.de\/wp-content\/uploads\/2024\/09\/20200801_122044-scaled.jpg","jetpack_sharing_enabled":true,"_links":{"self":[{"href":"https:\/\/morefuture.de\/index.php?rest_route=\/wp\/v2\/posts\/1294","targetHints":{"allow":["GET"]}}],"collection":[{"href":"https:\/\/morefuture.de\/index.php?rest_route=\/wp\/v2\/posts"}],"about":[{"href":"https:\/\/morefuture.de\/index.php?rest_route=\/wp\/v2\/types\/post"}],"author":[{"embeddable":true,"href":"https:\/\/morefuture.de\/index.php?rest_route=\/wp\/v2\/users\/1"}],"replies":[{"embeddable":true,"href":"https:\/\/morefuture.de\/index.php?rest_route=%2Fwp%2Fv2%2Fcomments&post=1294"}],"version-history":[{"count":6,"href":"https:\/\/morefuture.de\/index.php?rest_route=\/wp\/v2\/posts\/1294\/revisions"}],"predecessor-version":[{"id":1561,"href":"https:\/\/morefuture.de\/index.php?rest_route=\/wp\/v2\/posts\/1294\/revisions\/1561"}],"wp:featuredmedia":[{"embeddable":true,"href":"https:\/\/morefuture.de\/index.php?rest_route=\/wp\/v2\/media\/1237"}],"wp:attachment":[{"href":"https:\/\/morefuture.de\/index.php?rest_route=%2Fwp%2Fv2%2Fmedia&parent=1294"}],"wp:term":[{"taxonomy":"category","embeddable":true,"href":"https:\/\/morefuture.de\/index.php?rest_route=%2Fwp%2Fv2%2Fcategories&post=1294"},{"taxonomy":"post_tag","embeddable":true,"href":"https:\/\/morefuture.de\/index.php?rest_route=%2Fwp%2Fv2%2Ftags&post=1294"}],"curies":[{"name":"wp","href":"https:\/\/api.w.org\/{rel}","templated":true}]}}