{"id":1292,"date":"2025-04-17T10:20:24","date_gmt":"2025-04-17T10:20:24","guid":{"rendered":"https:\/\/morefuture.de\/?p=1292"},"modified":"2025-06-06T14:37:00","modified_gmt":"2025-06-06T14:37:00","slug":"statements-zum-klima-im-april-2025","status":"publish","type":"post","link":"https:\/\/morefuture.de\/?p=1292","title":{"rendered":"Statements zum Klima im April 2025"},"content":{"rendered":"\n<p>Fridays for Future zu Klima-Bericht von Copernicus und WMO (15.04.2025)<\/p>\n\n\n\n<p>Anl\u00e4sslich des Klimasachstandsberichts des EU-Klimadienst Copernicus und der Weltwetterorganisation WMO \u00e4u\u00dfert sich Fridays for Future Deutschland wie folgt:<br>\u201cDer Bericht von Copernicus und WMO macht mal wieder klar, was wir schon lange wissen und sp\u00fcren: Die Erde wird immer schneller immer hei\u00dfer \u2013 und das hat schon jetzt einschneidende Konsequenzen f\u00fcr uns alle. Dass im April W\u00e4lder im Rheinland brennen, Schiffe am Grund des ausgetrockneten Bodensees liegen und nicht mehr normal durch den Rhein fahren, sind alles Folgen der Klimakrise: Greifbar, sichtbar, sp\u00fcrbar. Offensichtlich ist schon die aktuelle Erhitzung von 1,6 Grad dramatisch. Wer denkt, Klimakrise sei nur eine Frage von Physik und Zahlen, liegt falsch: Sie bedroht schon jetzt uns alle ganz konkret. Und schon in einer 2-Grad-Welt werden in S\u00fcdeuropa die meisten der heute existierenden \u00d6kosysteme nicht mehr \u00fcberleben \u2013 also keine Tomaten, Gurken, Orangen aus Spanien mehr im Supermarktregal.<\/p>\n\n\n\n<p>Die Klimakrise ist l\u00e4ngst da, die L\u00f6sungen sind es auch. Wir kommen uns langsam vor wie eine kaputte Schallplatte, wenn wir wieder und wieder Klimaschutz einfordern m\u00fcssen. Aktuell scheitert Klimaschutz \u2013 ausschlie\u00dflich \u2013 am mangelnden politischen Willen. Wer Verantwortung f\u00fcr dieses Land \u00fcbernehmen will, muss diesen Willen aufbringen. Friedrich Merz hat im Wahlkampf gezeigt, dass er kein Klimaschutz-Fan ist. Er muss auch gar kein Fan von Klimaschutz sein, machen muss er\u2019s trotzdem \u2013 sonst wird er der Realit\u00e4t nicht gerecht.\u201d<\/p>\n\n\n\n<p>Quelle: Fridays for Future<\/p>\n\n\n\n<p><a href=\"https:\/\/morefuture.de\/?p=1294\">MOREFUTURE-Gedanken zum Thema<\/a><\/p>\n\n\n\n<hr class=\"wp-block-separator has-alpha-channel-opacity\"\/>\n\n\n\n<p>Pressestatement zum Koalitionsvertrags-Check<\/p>\n\n\n\n<p>WWF-Check zeigt Defizite im Koalitionsvertrag \u2013 Deutschlands Zukunft braucht mehr Ambitionen<\/p>\n\n\n\n<p>Berlin, 16. April 2025 &#8211; Der WWF Deutschland hat heute seine Analyse des Koalitionsvertrags zwischen CDU\/CSU und SPD ver\u00f6ffentlicht. Die Naturschutzorganisation hat den Vertrag in 13 Kernbereichen in Bezug auf den Erhalt unserer Lebensgrundlagen gepr\u00fcft &#8211; von Klimaschutz \u00fcber Artenschutz bis hin zu nachhaltigen Lieferketten. Das Ergebnis ist kritisch. Es gibt positive Aspekte, aber fast alle untersuchten Bereiche bleiben hinter den n\u00f6tigen Ma\u00dfnahmen zur\u00fcck. Bisherige Fortschritte drohen verloren zu gehen.<\/p>\n\n\n\n<p>Heike Vesper, WWF-Vorst\u00e4ndin f\u00fcr Politik &amp; Transformation:<\/p>\n\n\n\n<p>\u201eDieser Koalitionsvertrag sichert weder unsere Lebensgrundlagen noch die Zukunft des Wirtschaftsstandortes Deutschlands ausreichend ab. Die Klimakrise findet jetzt statt. D\u00fcrren, Starkregen und Ernteausf\u00e4lle nehmen zu und erfordern kluges und zukunftsgerichtetes Handeln der neuen Regierung. Wichtige Fortschritte der vergangenen Jahre \u2013 etwa beim Klimaschutz, der W\u00e4rmewende oder bei sozialen und \u00f6kologischen Standards in globalen Lieferketten \u2013 drohen ausgebremst oder zur\u00fcckgedreht zu werden. Es fehlen die Zeichen, dass die Koalition den Ernst der Lage erkennt und entsprechend handelt. Im Koalitionsvertrag erkennen wir dies nicht.<\/p>\n\n\n\n<p>Die neue Regierung plant das Heizungsgesetz mit dem Argument der Technologieoffenheit abzuschaffen. Sie will CO2-Abscheidung bei Gaskraftwerken einf\u00fchren. Sie hat keine klaren Zeitpl\u00e4ne f\u00fcr den Ausstieg aus fossilen Energien. Statt das deutsche Lieferkettengesetz abzuschaffen und die EU-Entwaldungsverordnung in Deutschland zu umgehen, brauchen wir verbindliche Umwelt- und Sozialstandards in globalen Lieferketten. Die EU-Naturwiederherstellungsverordnung und die nationale Kreislaufwirtschaftsstrategie m\u00fcssen ambitioniert umgesetzt, anstatt geschw\u00e4cht zu werden.<\/p>\n\n\n\n<p>Das nationale Klimaziel f\u00fcr 2040 soll auch \u00fcber die Nutzung von Negativemissionen und fragw\u00fcrdigem internationalen Emissionshandel erreicht werden k\u00f6nnen. Das verw\u00e4ssert das Minderungsziel und widerspricht dem Klimaschutzgesetz, verschiebt die Verantwortung f\u00fcr Emissionsminderung und untergr\u00e4bt so wirksamen Klimaschutz. Unsere Demokratie zu st\u00e4rken, ist das Gebot der Stunde: Aber Beteiligungs- und Klagerechte im Umweltbereich massiv einzuschr\u00e4nken, schw\u00e4cht ein wichtiges demokratisches Kontrollinstrument, das die Einhaltung von Gesetzen sicherstellt. Gravierend wiegt das schwache Bekenntnis zu den globalen Klima- und Naturschutzabkommen sowie zu einer angemessenen Finanzierung der Entwicklungspolitik.<\/p>\n\n\n\n<p>Es gibt aber auch Lichtblicke: Das Aktionsprogramm Nat\u00fcrlicher Klimaschutz l\u00e4uft weiter. Ein Naturfl\u00e4chenbedarfsgesetz soll kommen. Das Recht kommender Generationen auf eine lebenswerte Zukunft wird so jedoch nicht ausreichend abgesichert. Wir werden uns f\u00fcr Klimaschutz und den Erhalt unserer nat\u00fcrlichen Lebensgrundlagen einsetzen, damit irreversible Umweltsch\u00e4den und Deutschlands wirtschaftliche Zukunft nicht riskiert werden, und erwarten, dass die neue Regierung einen ernsthaften Dialog mit der Zivilgesellschaft dazu f\u00fchren wird.\u201c<\/p>\n\n\n\n<p>Die vollst\u00e4ndige WWF-Analyse des Koalitionsvertrags in 13 Kernbereichen finden Sie unter wwf.de\/koalitionsvertrag<\/p>\n\n\n\n<p>Quelle: WWF<\/p>\n\n\n\n<hr class=\"wp-block-separator has-alpha-channel-opacity\"\/>\n\n\n\n<p>Pressestatement zum European State of the Climate Report<\/p>\n\n\n\n<p>Europa in der Klimakrise<\/p>\n\n\n\n<p>Berlin, 15.4.2025: Der fortschreitenden Klimakrise in Europa kann nur mit mehr echtem Klimaschutz vor der eigenen Haust\u00fcr begegnet werden \u2013 nicht mit Abw\u00e4lzen der Verantwortung auf und in andere L\u00e4nder. Davor warnt der WWF anl\u00e4sslich der Ver\u00f6ffentlichung des European State of the Climate Report des Klimawandeldienst Copernicus der Europ\u00e4ischen Union an diesem Dienstag. Der Report zeigt nicht nur, dass 2024 das hei\u00dfeste Jahr Europas seit Beginn der Wetteraufzeichnungen war, sondern enth\u00e4lt viele weitere Negativrekorde: So erlebte Europa die schlimmsten \u00dcberflutungen seit 2013, mehr Hitzetage und den gr\u00f6\u00dften Gletscherverlust Skandinaviens. Dazu sagt Fentje Jacobsen, Klimaexpertin beim WWF Deutschland:<\/p>\n\n\n\n<p>\u201eW\u00e4hrend die Klimakrise weiter voranschreitet und Europa der Kontinent ist, der sich am schnellsten erw\u00e4rmt, scheint die Uhr bei manchen Entscheider:innen in Europa und Deutschland r\u00fcckw\u00e4rts zu laufen. Diese Diskrepanz gef\u00e4hrdet zusehends unsere Lebensgrundlagen, unser wirtschaftliches Wohlergehen und unsere Gesundheit. Leider steht zu bef\u00fcrchten, dass die neue deutsche Regierung die L\u00fccke zwischen Realit\u00e4t und n\u00f6tigem Handeln nicht schm\u00e4lert, sondern noch vergr\u00f6\u00dfert: Der Koalitionsvertrag zumindest liefert keine Antwort auf die Klima- und Biodiversit\u00e4tskrise. Wir erwarten, dass die Regierung trotz fehlender Basis im Koalitionsvertrag in ihrem Regierungshandeln den Fakten angemessene Strategien und Taten gegen\u00fcberstellt. Dazu geh\u00f6rt, Klimaschutz in allen Sektoren konsequent voranzubringen und von den angek\u00fcndigten R\u00fcckschritten etwa im Verkehrs- und Geb\u00e4udesektor abzulassen. Dazu geh\u00f6rt auch, sich f\u00fcr ein echtes Reduktionsziel in der EU von mindestens 90 Prozent bis 2040 einzusetzen, ohne dieses etwa \u00fcber CO2-Einsparungen in anderen L\u00e4ndern einzukaufen. Es muss endlich verstanden werden: Die Kosten von schlechtem Klimaschutz sind exorbitant. Die Gewinne von gutem Klimaschutz ebenso, daher m\u00fcssen wir jetzt in unsere Zukunft investieren. Nicht zu handeln ist in jedem Fall teurer als zu handeln.\u201c<\/p>\n\n\n\n<p>Quelle: WWF<\/p>\n","protected":false},"excerpt":{"rendered":"<p>Fridays for Future zu Klima-Bericht von Copernicus und WMO (15.04.2025) Anl\u00e4sslich des Klimasachstandsberichts des EU-Klimadienst Copernicus und der Weltwetterorganisation WMO \u00e4u\u00dfert sich Fridays for Future Deutschland wie folgt:\u201cDer Bericht von Copernicus und WMO macht mal wieder klar, was wir schon lange wissen und sp\u00fcren: Die Erde wird immer schneller immer hei\u00dfer \u2013 und das hat [&hellip;]<\/p>\n","protected":false},"author":1,"featured_media":1228,"comment_status":"closed","ping_status":"open","sticky":false,"template":"","format":"standard","meta":{"_uf_show_specific_survey":0,"_uf_disable_surveys":false,"_jetpack_memberships_contains_paid_content":false,"footnotes":""},"categories":[415],"tags":[468,464,469,218,461,462,466,465,463,335],"class_list":["post-1292","post","type-post","status-publish","format-standard","has-post-thumbnail","hentry","category-klimaumwelt","tag-climate-report","tag-copernicus","tag-european-state-of-the-climate-report","tag-klima","tag-klimakrise","tag-klimasachstandsbericht","tag-koalitionsvertrag","tag-koalitionsvertrags-check","tag-wmo","tag-wwf"],"yoast_head":"<!-- This site is optimized with the Yoast SEO plugin v26.4 - https:\/\/yoast.com\/wordpress\/plugins\/seo\/ -->\n<title>Statements zum Klima im April 2025 -<\/title>\n<meta name=\"robots\" content=\"index, follow, max-snippet:-1, max-image-preview:large, max-video-preview:-1\" \/>\n<link rel=\"canonical\" href=\"http:\/\/morefuture.de\/?p=1292\" \/>\n<meta property=\"og:locale\" content=\"de_DE\" \/>\n<meta property=\"og:type\" content=\"article\" \/>\n<meta property=\"og:title\" content=\"Statements zum Klima im April 2025 -\" \/>\n<meta property=\"og:description\" content=\"Fridays for Future zu Klima-Bericht von Copernicus und WMO (15.04.2025) Anl\u00e4sslich des Klimasachstandsberichts des EU-Klimadienst Copernicus und der Weltwetterorganisation WMO \u00e4u\u00dfert sich Fridays for Future Deutschland wie folgt:\u201cDer Bericht von Copernicus und WMO macht mal wieder klar, was wir schon lange wissen und sp\u00fcren: Die Erde wird immer schneller immer hei\u00dfer \u2013 und das hat [&hellip;]\" \/>\n<meta property=\"og:url\" content=\"http:\/\/morefuture.de\/?p=1292\" \/>\n<meta property=\"article:published_time\" content=\"2025-04-17T10:20:24+00:00\" \/>\n<meta property=\"article:modified_time\" content=\"2025-06-06T14:37:00+00:00\" \/>\n<meta property=\"og:image\" content=\"http:\/\/morefuture.de\/wp-content\/uploads\/2025\/03\/1-DSC_-Buxbaum-klein.jpg\" \/>\n\t<meta property=\"og:image:width\" content=\"340\" \/>\n\t<meta property=\"og:image:height\" content=\"226\" \/>\n\t<meta property=\"og:image:type\" content=\"image\/jpeg\" \/>\n<meta name=\"author\" content=\"krumstroh\" \/>\n<meta name=\"twitter:card\" content=\"summary_large_image\" \/>\n<meta name=\"twitter:label1\" content=\"Verfasst von\" \/>\n\t<meta name=\"twitter:data1\" content=\"krumstroh\" \/>\n\t<meta name=\"twitter:label2\" content=\"Gesch\u00e4tzte Lesezeit\" \/>\n\t<meta name=\"twitter:data2\" content=\"6\u00a0Minuten\" \/>\n<script type=\"application\/ld+json\" class=\"yoast-schema-graph\">{\"@context\":\"https:\/\/schema.org\",\"@graph\":[{\"@type\":\"WebPage\",\"@id\":\"http:\/\/morefuture.de\/?p=1292\",\"url\":\"http:\/\/morefuture.de\/?p=1292\",\"name\":\"Statements zum Klima im April 2025 -\",\"isPartOf\":{\"@id\":\"http:\/\/morefuture.de\/#website\"},\"primaryImageOfPage\":{\"@id\":\"http:\/\/morefuture.de\/?p=1292#primaryimage\"},\"image\":{\"@id\":\"http:\/\/morefuture.de\/?p=1292#primaryimage\"},\"thumbnailUrl\":\"https:\/\/morefuture.de\/wp-content\/uploads\/2025\/03\/1-DSC_-Buxbaum-klein.jpg\",\"datePublished\":\"2025-04-17T10:20:24+00:00\",\"dateModified\":\"2025-06-06T14:37:00+00:00\",\"author\":{\"@id\":\"http:\/\/morefuture.de\/#\/schema\/person\/43397e37856f92ef9b771dae09596e47\"},\"breadcrumb\":{\"@id\":\"http:\/\/morefuture.de\/?p=1292#breadcrumb\"},\"inLanguage\":\"de\",\"potentialAction\":[{\"@type\":\"ReadAction\",\"target\":[\"http:\/\/morefuture.de\/?p=1292\"]}]},{\"@type\":\"ImageObject\",\"inLanguage\":\"de\",\"@id\":\"http:\/\/morefuture.de\/?p=1292#primaryimage\",\"url\":\"https:\/\/morefuture.de\/wp-content\/uploads\/2025\/03\/1-DSC_-Buxbaum-klein.jpg\",\"contentUrl\":\"https:\/\/morefuture.de\/wp-content\/uploads\/2025\/03\/1-DSC_-Buxbaum-klein.jpg\",\"width\":340,\"height\":226},{\"@type\":\"BreadcrumbList\",\"@id\":\"http:\/\/morefuture.de\/?p=1292#breadcrumb\",\"itemListElement\":[{\"@type\":\"ListItem\",\"position\":1,\"name\":\"Startseite\",\"item\":\"http:\/\/morefuture.de\/\"},{\"@type\":\"ListItem\",\"position\":2,\"name\":\"Statements zum Klima im April 2025\"}]},{\"@type\":\"WebSite\",\"@id\":\"http:\/\/morefuture.de\/#website\",\"url\":\"http:\/\/morefuture.de\/\",\"name\":\"\",\"description\":\"\",\"potentialAction\":[{\"@type\":\"SearchAction\",\"target\":{\"@type\":\"EntryPoint\",\"urlTemplate\":\"http:\/\/morefuture.de\/?s={search_term_string}\"},\"query-input\":{\"@type\":\"PropertyValueSpecification\",\"valueRequired\":true,\"valueName\":\"search_term_string\"}}],\"inLanguage\":\"de\"},{\"@type\":\"Person\",\"@id\":\"http:\/\/morefuture.de\/#\/schema\/person\/43397e37856f92ef9b771dae09596e47\",\"name\":\"krumstroh\",\"image\":{\"@type\":\"ImageObject\",\"inLanguage\":\"de\",\"@id\":\"http:\/\/morefuture.de\/#\/schema\/person\/image\/\",\"url\":\"https:\/\/secure.gravatar.com\/avatar\/5244634881f9e6c413c3af40e12d9739c11eb24b7dd8a854bb2d0c11816b10a8?s=96&d=mm&r=g\",\"contentUrl\":\"https:\/\/secure.gravatar.com\/avatar\/5244634881f9e6c413c3af40e12d9739c11eb24b7dd8a854bb2d0c11816b10a8?s=96&d=mm&r=g\",\"caption\":\"krumstroh\"},\"url\":\"https:\/\/morefuture.de\/?author=1\"}]}<\/script>\n<!-- \/ Yoast SEO plugin. -->","yoast_head_json":{"title":"Statements zum Klima im April 2025 -","robots":{"index":"index","follow":"follow","max-snippet":"max-snippet:-1","max-image-preview":"max-image-preview:large","max-video-preview":"max-video-preview:-1"},"canonical":"http:\/\/morefuture.de\/?p=1292","og_locale":"de_DE","og_type":"article","og_title":"Statements zum Klima im April 2025 -","og_description":"Fridays for Future zu Klima-Bericht von Copernicus und WMO (15.04.2025) Anl\u00e4sslich des Klimasachstandsberichts des EU-Klimadienst Copernicus und der Weltwetterorganisation WMO \u00e4u\u00dfert sich Fridays for Future Deutschland wie folgt:\u201cDer Bericht von Copernicus und WMO macht mal wieder klar, was wir schon lange wissen und sp\u00fcren: Die Erde wird immer schneller immer hei\u00dfer \u2013 und das hat [&hellip;]","og_url":"http:\/\/morefuture.de\/?p=1292","article_published_time":"2025-04-17T10:20:24+00:00","article_modified_time":"2025-06-06T14:37:00+00:00","og_image":[{"width":340,"height":226,"url":"http:\/\/morefuture.de\/wp-content\/uploads\/2025\/03\/1-DSC_-Buxbaum-klein.jpg","type":"image\/jpeg"}],"author":"krumstroh","twitter_card":"summary_large_image","twitter_misc":{"Verfasst von":"krumstroh","Gesch\u00e4tzte Lesezeit":"6\u00a0Minuten"},"schema":{"@context":"https:\/\/schema.org","@graph":[{"@type":"WebPage","@id":"http:\/\/morefuture.de\/?p=1292","url":"http:\/\/morefuture.de\/?p=1292","name":"Statements zum Klima im April 2025 -","isPartOf":{"@id":"http:\/\/morefuture.de\/#website"},"primaryImageOfPage":{"@id":"http:\/\/morefuture.de\/?p=1292#primaryimage"},"image":{"@id":"http:\/\/morefuture.de\/?p=1292#primaryimage"},"thumbnailUrl":"https:\/\/morefuture.de\/wp-content\/uploads\/2025\/03\/1-DSC_-Buxbaum-klein.jpg","datePublished":"2025-04-17T10:20:24+00:00","dateModified":"2025-06-06T14:37:00+00:00","author":{"@id":"http:\/\/morefuture.de\/#\/schema\/person\/43397e37856f92ef9b771dae09596e47"},"breadcrumb":{"@id":"http:\/\/morefuture.de\/?p=1292#breadcrumb"},"inLanguage":"de","potentialAction":[{"@type":"ReadAction","target":["http:\/\/morefuture.de\/?p=1292"]}]},{"@type":"ImageObject","inLanguage":"de","@id":"http:\/\/morefuture.de\/?p=1292#primaryimage","url":"https:\/\/morefuture.de\/wp-content\/uploads\/2025\/03\/1-DSC_-Buxbaum-klein.jpg","contentUrl":"https:\/\/morefuture.de\/wp-content\/uploads\/2025\/03\/1-DSC_-Buxbaum-klein.jpg","width":340,"height":226},{"@type":"BreadcrumbList","@id":"http:\/\/morefuture.de\/?p=1292#breadcrumb","itemListElement":[{"@type":"ListItem","position":1,"name":"Startseite","item":"http:\/\/morefuture.de\/"},{"@type":"ListItem","position":2,"name":"Statements zum Klima im April 2025"}]},{"@type":"WebSite","@id":"http:\/\/morefuture.de\/#website","url":"http:\/\/morefuture.de\/","name":"","description":"","potentialAction":[{"@type":"SearchAction","target":{"@type":"EntryPoint","urlTemplate":"http:\/\/morefuture.de\/?s={search_term_string}"},"query-input":{"@type":"PropertyValueSpecification","valueRequired":true,"valueName":"search_term_string"}}],"inLanguage":"de"},{"@type":"Person","@id":"http:\/\/morefuture.de\/#\/schema\/person\/43397e37856f92ef9b771dae09596e47","name":"krumstroh","image":{"@type":"ImageObject","inLanguage":"de","@id":"http:\/\/morefuture.de\/#\/schema\/person\/image\/","url":"https:\/\/secure.gravatar.com\/avatar\/5244634881f9e6c413c3af40e12d9739c11eb24b7dd8a854bb2d0c11816b10a8?s=96&d=mm&r=g","contentUrl":"https:\/\/secure.gravatar.com\/avatar\/5244634881f9e6c413c3af40e12d9739c11eb24b7dd8a854bb2d0c11816b10a8?s=96&d=mm&r=g","caption":"krumstroh"},"url":"https:\/\/morefuture.de\/?author=1"}]}},"jetpack_featured_media_url":"https:\/\/morefuture.de\/wp-content\/uploads\/2025\/03\/1-DSC_-Buxbaum-klein.jpg","jetpack_sharing_enabled":true,"_links":{"self":[{"href":"https:\/\/morefuture.de\/index.php?rest_route=\/wp\/v2\/posts\/1292","targetHints":{"allow":["GET"]}}],"collection":[{"href":"https:\/\/morefuture.de\/index.php?rest_route=\/wp\/v2\/posts"}],"about":[{"href":"https:\/\/morefuture.de\/index.php?rest_route=\/wp\/v2\/types\/post"}],"author":[{"embeddable":true,"href":"https:\/\/morefuture.de\/index.php?rest_route=\/wp\/v2\/users\/1"}],"replies":[{"embeddable":true,"href":"https:\/\/morefuture.de\/index.php?rest_route=%2Fwp%2Fv2%2Fcomments&post=1292"}],"version-history":[{"count":4,"href":"https:\/\/morefuture.de\/index.php?rest_route=\/wp\/v2\/posts\/1292\/revisions"}],"predecessor-version":[{"id":1301,"href":"https:\/\/morefuture.de\/index.php?rest_route=\/wp\/v2\/posts\/1292\/revisions\/1301"}],"wp:featuredmedia":[{"embeddable":true,"href":"https:\/\/morefuture.de\/index.php?rest_route=\/wp\/v2\/media\/1228"}],"wp:attachment":[{"href":"https:\/\/morefuture.de\/index.php?rest_route=%2Fwp%2Fv2%2Fmedia&parent=1292"}],"wp:term":[{"taxonomy":"category","embeddable":true,"href":"https:\/\/morefuture.de\/index.php?rest_route=%2Fwp%2Fv2%2Fcategories&post=1292"},{"taxonomy":"post_tag","embeddable":true,"href":"https:\/\/morefuture.de\/index.php?rest_route=%2Fwp%2Fv2%2Ftags&post=1292"}],"curies":[{"name":"wp","href":"https:\/\/api.w.org\/{rel}","templated":true}]}}