{"id":1067,"date":"2024-10-08T15:10:32","date_gmt":"2024-10-08T15:10:32","guid":{"rendered":"http:\/\/morefuture.de\/?p=1067"},"modified":"2025-06-06T14:38:37","modified_gmt":"2025-06-06T14:38:37","slug":"unser-wald-vom-klimaschuetzer-zum-klimakiller","status":"publish","type":"post","link":"https:\/\/morefuture.de\/?p=1067","title":{"rendered":"Unser Wald: Vom Klimasch\u00fctzer zum Klimakiller"},"content":{"rendered":"\n<pre class=\"wp-block-code\"><code>Bundeswaldinventur: Deutschlands gr\u00f6\u00dftes \u00d6kosystem ist zur Treibhausgasquelle geworden<\/code><\/pre>\n\n\n\n<p>Am 08.10.2024 stellte Bundesminister \u00d6zdemir die Ergebnisse der vierten Bundeswaldinventur vor. Sie lieferte erschreckende Erkenntnisse: In den letzten f\u00fcnf Jahren hat der Wald in Deutschland weniger Kohlendioxid eingelagert, als er abgegeben hat. Dr. Susanne Winter, Programmleitung Wald beim WWF Deutschland ist besorgt: \u201e Die Bundesregierung hat den Wald als Klimasch\u00fctzer fest eingeplant. Doch wir \u00fcberfrachten ihn mit Aufgaben und pl\u00fcndern ihn aus. Mit der Bundeswaldinventur haben wir es amtlich: Der Wald f\u00e4llt als Klimasch\u00fctzer aus.\u201c<\/p>\n\n\n\n<p>Der deutsche Wald hat nicht den erwarteten Beitrag als Kohlenstoffsenke geleistet. Denn der Holzzuwachs stagniert seit der letzten Inventur im Jahr 2012. Der mittlere Zuwachs lag mit 9,41 m\u00b3 pro Hektar und Jahr im Durchschnitt unter dem Abgang durch Holznutzung oder Absterben von rund 10,2 m\u00b3 pro Hektar und Jahr. Damit entfernt sich die deutsche Forstwirtschaft von ihrem Nachhaltigkeitsversprechen.<\/p>\n\n\n\n<p>Auff\u00e4llig ist, dass in Gro\u00dfprivatw\u00e4ldern deutlich weniger Nadelholz als Laubholz genutzt wird als in \u00f6ffentlichen W\u00e4ldern. Hier scheint der notwendige Waldumbau \u2013 ein erkl\u00e4rtes Ziel der Ampelkoalition \u2013 nicht ausreichend zu erfolgen. Jetzt r\u00e4cht sich, dass der Umbau von Nadelholzmonokulturen in klimastabile Laubw\u00e4lder nicht fr\u00fchzeitig und konsequent angegangen wurde. Das Totholzvolumen liegt jetzt bei rund 29 m\u00b3 pro Hektar und hat damit erfreulich zugenommen. Dies ist aber vor allem auf abgestorbene Nadelholzforste zur\u00fcckzuf\u00fchren, die weniger zum Biodiversit\u00e4tserhalt beitragen. Der Wert f\u00fcr den Gro\u00dfprivatwald ist mit 23 m\u00b3 pro Hektar im Vergleich zum Staatswald mit 36 m\u00b3 pro Hektar auffallend niedrig.<\/p>\n\n\n\n<p>Ende September hatte das Oberverwaltungsgericht (OVG) Berlin-Brandenburg best\u00e4tigt, dass die Ziele des Klimaschutzgesetzes im Landnutzungssektor (LULUCF) mit den bisher geplanten Ma\u00dfnahmen zu praktisch 100 Prozent verfehlt w\u00fcrden. Soll der Wald jedoch Partner im Klimaschutz bleiben und die 2030er Klimaschutzziele erreicht werden, geht das nur durch deutlich weniger Holznutzung und Aufbau des Holzvorrats. \u201eDazu muss der j\u00e4hrliche Holzeinschlag in den n\u00e4chsten Jahren um rund ein Drittel verringert werden\u201c, fordert Susanne Winter. \u201eAlte Laubw\u00e4lder d\u00fcrfen gar nicht mehr oder nur sehr wenig und schonend genutzt werden, gro\u00dffl\u00e4chige Rodungen sind auszuschlie\u00dfen. Zudem m\u00fcssen wir die Moore schnell und umfassend wiedervern\u00e4ssen, die F\u00f6rderung von Holzverbrennung in Kraftwerken abschaffen und eine funktionierende Kreislaufwirtschaft f\u00fcr Holz durchsetzen.\u201c Altholz sollte nicht verbrannt, sondern gleichwertig weitergenutzt werden. Au\u00dferdem sollte die Bundesregierung mit der Bundeswaldgesetzreform dringend die M\u00f6glichkeit nutzen, den Waldzustand und nicht nur die Waldfl\u00e4che zu sch\u00fctzen.<\/p>\n\n\n\n<p>\u201eAngesichts dieser verheerenden Bilanz aus der Bundeswaldinventur zeigt sich mehr denn je, dass wir ein starkes Bundeswaldgesetz brauchen. Es liefert bundesweit g\u00fcltige Vorgaben, die wir f\u00fcr den Klima- und Biodiversit\u00e4tsschutz dringend ben\u00f6tigen. Jetzt liegt es an Bundesminister \u00d6zdemir, ob wir den Wald in Deutschland fit f\u00fcr den Klima- und Biodiversit\u00e4tsschutz und unsere Zukunft machen k\u00f6nnen. Insbesondere muss es eine Obergrenze f\u00fcr genehmigungsf\u00e4hige Kahlschl\u00e4ge geben und der Wald darf nicht durch eng beieinander liegende R\u00fcckegassen f\u00fcr die Holzf\u00e4llung und -transport zerh\u00e4ckselt werden. Hier muss dringend nachgebessert werden. Der \u00fcber die EU-Biodiversit\u00e4tsstrategie vereinbarte Schutz der W\u00e4lder mit 10 Prozent Stilllegung und 30 Prozent wirksamen Schutzgebieten muss endlich umgesetzt werden, um dem Wald sein \u00dcberleben zu erleichtern, \u201c so Winter.<\/p>\n\n\n\n<p>Hintergrund:<br>Alle zehn Jahre wird der Wald in Deutschland inventarisiert. Das Th\u00fcnen-Institut f\u00fcr Wald\u00f6kosysteme ist vom BMEL mit der Bundesinventurleitung beauftragt und fasst die Ergebnisse zusammen. F\u00fcr die Durchf\u00fchrung wurde ein Stichprobennetz in mindestens einem vier mal vier Kilometer Raster \u00fcber das Land verteilt, um die grundlegende Vergleichbarkeit zu gew\u00e4hrleisten. An den Stichprobenpunkten erfassen speziell geschulte Forstleute \u00fcber 150 Merkmale: Baumarten und Baumh\u00f6he, Durchmesser der ausgew\u00e4hlten Probeb\u00e4ume sowie Art und Menge des Totholzes. Die Ergebnisse sind eine zentrale Informationsquelle f\u00fcr die Wald-, Klima- und Naturschutzpolitik von Bund und L\u00e4ndern.<\/p>\n\n\n\n<p>Quelle: WWF<\/p>\n","protected":false},"excerpt":{"rendered":"<p>Am 08.10.2024 stellte Bundesminister \u00d6zdemir die Ergebnisse der vierten Bundeswaldinventur vor. Sie lieferte erschreckende Erkenntnisse: In den letzten f\u00fcnf Jahren hat der Wald in Deutschland weniger Kohlendioxid eingelagert, als er abgegeben hat. Dr. Susanne Winter, Programmleitung Wald beim WWF Deutschland ist besorgt: \u201e Die Bundesregierung hat den Wald als Klimasch\u00fctzer fest eingeplant. Doch wir \u00fcberfrachten [&hellip;]<\/p>\n","protected":false},"author":1,"featured_media":1231,"comment_status":"closed","ping_status":"open","sticky":false,"template":"","format":"standard","meta":{"_uf_show_specific_survey":0,"_uf_disable_surveys":false,"_jetpack_memberships_contains_paid_content":false,"footnotes":""},"categories":[415],"tags":[376],"class_list":["post-1067","post","type-post","status-publish","format-standard","has-post-thumbnail","hentry","category-klimaumwelt","tag-bundeswaldinventur"],"yoast_head":"<!-- This site is optimized with the Yoast SEO plugin v26.4 - https:\/\/yoast.com\/wordpress\/plugins\/seo\/ -->\n<title>Unser Wald: Vom Klimasch\u00fctzer zum Klimakiller -<\/title>\n<meta name=\"robots\" content=\"index, follow, max-snippet:-1, max-image-preview:large, max-video-preview:-1\" \/>\n<link rel=\"canonical\" href=\"https:\/\/morefuture.de\/?p=1067\" \/>\n<meta property=\"og:locale\" content=\"de_DE\" \/>\n<meta property=\"og:type\" content=\"article\" \/>\n<meta property=\"og:title\" content=\"Unser Wald: Vom Klimasch\u00fctzer zum Klimakiller -\" \/>\n<meta property=\"og:description\" content=\"Am 08.10.2024 stellte Bundesminister \u00d6zdemir die Ergebnisse der vierten Bundeswaldinventur vor. Sie lieferte erschreckende Erkenntnisse: In den letzten f\u00fcnf Jahren hat der Wald in Deutschland weniger Kohlendioxid eingelagert, als er abgegeben hat. Dr. Susanne Winter, Programmleitung Wald beim WWF Deutschland ist besorgt: \u201e Die Bundesregierung hat den Wald als Klimasch\u00fctzer fest eingeplant. Doch wir \u00fcberfrachten [&hellip;]\" \/>\n<meta property=\"og:url\" content=\"https:\/\/morefuture.de\/?p=1067\" \/>\n<meta property=\"article:published_time\" content=\"2024-10-08T15:10:32+00:00\" \/>\n<meta property=\"article:modified_time\" content=\"2025-06-06T14:38:37+00:00\" \/>\n<meta property=\"og:image\" content=\"https:\/\/morefuture.de\/wp-content\/uploads\/2025\/03\/1-DSCN-Waldweg-klein.jpg\" \/>\n\t<meta property=\"og:image:width\" content=\"340\" \/>\n\t<meta property=\"og:image:height\" content=\"388\" \/>\n\t<meta property=\"og:image:type\" content=\"image\/jpeg\" \/>\n<meta name=\"author\" content=\"krumstroh\" \/>\n<meta name=\"twitter:card\" content=\"summary_large_image\" \/>\n<meta name=\"twitter:label1\" content=\"Verfasst von\" \/>\n\t<meta name=\"twitter:data1\" content=\"krumstroh\" \/>\n\t<meta name=\"twitter:label2\" content=\"Gesch\u00e4tzte Lesezeit\" \/>\n\t<meta name=\"twitter:data2\" content=\"4\u00a0Minuten\" \/>\n<script type=\"application\/ld+json\" class=\"yoast-schema-graph\">{\"@context\":\"https:\/\/schema.org\",\"@graph\":[{\"@type\":\"WebPage\",\"@id\":\"https:\/\/morefuture.de\/?p=1067\",\"url\":\"https:\/\/morefuture.de\/?p=1067\",\"name\":\"Unser Wald: Vom Klimasch\u00fctzer zum Klimakiller -\",\"isPartOf\":{\"@id\":\"http:\/\/morefuture.de\/#website\"},\"primaryImageOfPage\":{\"@id\":\"https:\/\/morefuture.de\/?p=1067#primaryimage\"},\"image\":{\"@id\":\"https:\/\/morefuture.de\/?p=1067#primaryimage\"},\"thumbnailUrl\":\"https:\/\/morefuture.de\/wp-content\/uploads\/2025\/03\/1-DSCN-Waldweg-klein.jpg\",\"datePublished\":\"2024-10-08T15:10:32+00:00\",\"dateModified\":\"2025-06-06T14:38:37+00:00\",\"author\":{\"@id\":\"http:\/\/morefuture.de\/#\/schema\/person\/43397e37856f92ef9b771dae09596e47\"},\"breadcrumb\":{\"@id\":\"https:\/\/morefuture.de\/?p=1067#breadcrumb\"},\"inLanguage\":\"de\",\"potentialAction\":[{\"@type\":\"ReadAction\",\"target\":[\"https:\/\/morefuture.de\/?p=1067\"]}]},{\"@type\":\"ImageObject\",\"inLanguage\":\"de\",\"@id\":\"https:\/\/morefuture.de\/?p=1067#primaryimage\",\"url\":\"https:\/\/morefuture.de\/wp-content\/uploads\/2025\/03\/1-DSCN-Waldweg-klein.jpg\",\"contentUrl\":\"https:\/\/morefuture.de\/wp-content\/uploads\/2025\/03\/1-DSCN-Waldweg-klein.jpg\",\"width\":340,\"height\":388},{\"@type\":\"BreadcrumbList\",\"@id\":\"https:\/\/morefuture.de\/?p=1067#breadcrumb\",\"itemListElement\":[{\"@type\":\"ListItem\",\"position\":1,\"name\":\"Startseite\",\"item\":\"http:\/\/morefuture.de\/\"},{\"@type\":\"ListItem\",\"position\":2,\"name\":\"Unser Wald: Vom Klimasch\u00fctzer zum Klimakiller\"}]},{\"@type\":\"WebSite\",\"@id\":\"http:\/\/morefuture.de\/#website\",\"url\":\"http:\/\/morefuture.de\/\",\"name\":\"\",\"description\":\"\",\"potentialAction\":[{\"@type\":\"SearchAction\",\"target\":{\"@type\":\"EntryPoint\",\"urlTemplate\":\"http:\/\/morefuture.de\/?s={search_term_string}\"},\"query-input\":{\"@type\":\"PropertyValueSpecification\",\"valueRequired\":true,\"valueName\":\"search_term_string\"}}],\"inLanguage\":\"de\"},{\"@type\":\"Person\",\"@id\":\"http:\/\/morefuture.de\/#\/schema\/person\/43397e37856f92ef9b771dae09596e47\",\"name\":\"krumstroh\",\"image\":{\"@type\":\"ImageObject\",\"inLanguage\":\"de\",\"@id\":\"http:\/\/morefuture.de\/#\/schema\/person\/image\/\",\"url\":\"https:\/\/secure.gravatar.com\/avatar\/5244634881f9e6c413c3af40e12d9739c11eb24b7dd8a854bb2d0c11816b10a8?s=96&d=mm&r=g\",\"contentUrl\":\"https:\/\/secure.gravatar.com\/avatar\/5244634881f9e6c413c3af40e12d9739c11eb24b7dd8a854bb2d0c11816b10a8?s=96&d=mm&r=g\",\"caption\":\"krumstroh\"},\"url\":\"https:\/\/morefuture.de\/?author=1\"}]}<\/script>\n<!-- \/ Yoast SEO plugin. -->","yoast_head_json":{"title":"Unser Wald: Vom Klimasch\u00fctzer zum Klimakiller -","robots":{"index":"index","follow":"follow","max-snippet":"max-snippet:-1","max-image-preview":"max-image-preview:large","max-video-preview":"max-video-preview:-1"},"canonical":"https:\/\/morefuture.de\/?p=1067","og_locale":"de_DE","og_type":"article","og_title":"Unser Wald: Vom Klimasch\u00fctzer zum Klimakiller -","og_description":"Am 08.10.2024 stellte Bundesminister \u00d6zdemir die Ergebnisse der vierten Bundeswaldinventur vor. Sie lieferte erschreckende Erkenntnisse: In den letzten f\u00fcnf Jahren hat der Wald in Deutschland weniger Kohlendioxid eingelagert, als er abgegeben hat. Dr. Susanne Winter, Programmleitung Wald beim WWF Deutschland ist besorgt: \u201e Die Bundesregierung hat den Wald als Klimasch\u00fctzer fest eingeplant. Doch wir \u00fcberfrachten [&hellip;]","og_url":"https:\/\/morefuture.de\/?p=1067","article_published_time":"2024-10-08T15:10:32+00:00","article_modified_time":"2025-06-06T14:38:37+00:00","og_image":[{"width":340,"height":388,"url":"https:\/\/morefuture.de\/wp-content\/uploads\/2025\/03\/1-DSCN-Waldweg-klein.jpg","type":"image\/jpeg"}],"author":"krumstroh","twitter_card":"summary_large_image","twitter_misc":{"Verfasst von":"krumstroh","Gesch\u00e4tzte Lesezeit":"4\u00a0Minuten"},"schema":{"@context":"https:\/\/schema.org","@graph":[{"@type":"WebPage","@id":"https:\/\/morefuture.de\/?p=1067","url":"https:\/\/morefuture.de\/?p=1067","name":"Unser Wald: Vom Klimasch\u00fctzer zum Klimakiller -","isPartOf":{"@id":"http:\/\/morefuture.de\/#website"},"primaryImageOfPage":{"@id":"https:\/\/morefuture.de\/?p=1067#primaryimage"},"image":{"@id":"https:\/\/morefuture.de\/?p=1067#primaryimage"},"thumbnailUrl":"https:\/\/morefuture.de\/wp-content\/uploads\/2025\/03\/1-DSCN-Waldweg-klein.jpg","datePublished":"2024-10-08T15:10:32+00:00","dateModified":"2025-06-06T14:38:37+00:00","author":{"@id":"http:\/\/morefuture.de\/#\/schema\/person\/43397e37856f92ef9b771dae09596e47"},"breadcrumb":{"@id":"https:\/\/morefuture.de\/?p=1067#breadcrumb"},"inLanguage":"de","potentialAction":[{"@type":"ReadAction","target":["https:\/\/morefuture.de\/?p=1067"]}]},{"@type":"ImageObject","inLanguage":"de","@id":"https:\/\/morefuture.de\/?p=1067#primaryimage","url":"https:\/\/morefuture.de\/wp-content\/uploads\/2025\/03\/1-DSCN-Waldweg-klein.jpg","contentUrl":"https:\/\/morefuture.de\/wp-content\/uploads\/2025\/03\/1-DSCN-Waldweg-klein.jpg","width":340,"height":388},{"@type":"BreadcrumbList","@id":"https:\/\/morefuture.de\/?p=1067#breadcrumb","itemListElement":[{"@type":"ListItem","position":1,"name":"Startseite","item":"http:\/\/morefuture.de\/"},{"@type":"ListItem","position":2,"name":"Unser Wald: Vom Klimasch\u00fctzer zum Klimakiller"}]},{"@type":"WebSite","@id":"http:\/\/morefuture.de\/#website","url":"http:\/\/morefuture.de\/","name":"","description":"","potentialAction":[{"@type":"SearchAction","target":{"@type":"EntryPoint","urlTemplate":"http:\/\/morefuture.de\/?s={search_term_string}"},"query-input":{"@type":"PropertyValueSpecification","valueRequired":true,"valueName":"search_term_string"}}],"inLanguage":"de"},{"@type":"Person","@id":"http:\/\/morefuture.de\/#\/schema\/person\/43397e37856f92ef9b771dae09596e47","name":"krumstroh","image":{"@type":"ImageObject","inLanguage":"de","@id":"http:\/\/morefuture.de\/#\/schema\/person\/image\/","url":"https:\/\/secure.gravatar.com\/avatar\/5244634881f9e6c413c3af40e12d9739c11eb24b7dd8a854bb2d0c11816b10a8?s=96&d=mm&r=g","contentUrl":"https:\/\/secure.gravatar.com\/avatar\/5244634881f9e6c413c3af40e12d9739c11eb24b7dd8a854bb2d0c11816b10a8?s=96&d=mm&r=g","caption":"krumstroh"},"url":"https:\/\/morefuture.de\/?author=1"}]}},"jetpack_featured_media_url":"https:\/\/morefuture.de\/wp-content\/uploads\/2025\/03\/1-DSCN-Waldweg-klein.jpg","jetpack_sharing_enabled":true,"_links":{"self":[{"href":"https:\/\/morefuture.de\/index.php?rest_route=\/wp\/v2\/posts\/1067","targetHints":{"allow":["GET"]}}],"collection":[{"href":"https:\/\/morefuture.de\/index.php?rest_route=\/wp\/v2\/posts"}],"about":[{"href":"https:\/\/morefuture.de\/index.php?rest_route=\/wp\/v2\/types\/post"}],"author":[{"embeddable":true,"href":"https:\/\/morefuture.de\/index.php?rest_route=\/wp\/v2\/users\/1"}],"replies":[{"embeddable":true,"href":"https:\/\/morefuture.de\/index.php?rest_route=%2Fwp%2Fv2%2Fcomments&post=1067"}],"version-history":[{"count":1,"href":"https:\/\/morefuture.de\/index.php?rest_route=\/wp\/v2\/posts\/1067\/revisions"}],"predecessor-version":[{"id":1068,"href":"https:\/\/morefuture.de\/index.php?rest_route=\/wp\/v2\/posts\/1067\/revisions\/1068"}],"wp:featuredmedia":[{"embeddable":true,"href":"https:\/\/morefuture.de\/index.php?rest_route=\/wp\/v2\/media\/1231"}],"wp:attachment":[{"href":"https:\/\/morefuture.de\/index.php?rest_route=%2Fwp%2Fv2%2Fmedia&parent=1067"}],"wp:term":[{"taxonomy":"category","embeddable":true,"href":"https:\/\/morefuture.de\/index.php?rest_route=%2Fwp%2Fv2%2Fcategories&post=1067"},{"taxonomy":"post_tag","embeddable":true,"href":"https:\/\/morefuture.de\/index.php?rest_route=%2Fwp%2Fv2%2Ftags&post=1067"}],"curies":[{"name":"wp","href":"https:\/\/api.w.org\/{rel}","templated":true}]}}