{"id":1051,"date":"2024-08-29T10:30:53","date_gmt":"2024-08-29T10:30:53","guid":{"rendered":"https:\/\/morefuture.de\/?p=1051"},"modified":"2025-06-06T14:43:44","modified_gmt":"2025-06-06T14:43:44","slug":"dreifachkrise-in-brasilien-duerre-waldbraende-und-giftige-rauchwolken","status":"publish","type":"post","link":"https:\/\/morefuture.de\/?p=1051","title":{"rendered":"Dreifachkrise in Brasilien: D\u00fcrre, Waldbr\u00e4nde und giftige Rauchwolken"},"content":{"rendered":"\n<p>Die Waldbr\u00e4nde im Amazonas breiten sich immer weiter aus. Beschleunigt durch anhaltende D\u00fcrre geraten die Feuer au\u00dfer Kontrolle. 2024 wurden bereits 53.620 Feuerausbr\u00fcche allein im Amazonas registriert. Hinzu kommt ein massiver Anstieg an Br\u00e4nden im Pantanal und im Cerrado. Aus dem Amazonas breiten sich au\u00dferdem gesundheitssch\u00e4dliche Rauchschwaden aus: Die so genannten \u201efliegenden Fl\u00fcsse\u201c tragen den Rauch weit ins Land. Mindestens elf Bundesstaaten sind betroffen.<\/p>\n\n\n\n<p>Experten zufolge haben sich die so genannten \u201efliegenden Fl\u00fcsse\u201c mit der Explosion der Br\u00e4nde in den letzten Wochen in einen riesigen Rauchkorridor verwandelt. Normalerweise transportieren sie die lebenswichtige Feuchtigkeit aus dem Amazonas-Regenwald in andere Regionen des Kontinents. Die \u201efliegenden Fl\u00fcsse\u201c mutieren vor unseren Augen von Lebensspendern zur Gesundheitsgefahr. Sie transportieren nicht nur Wasserdampf, sondern erzeugen auch riesige Rauchstr\u00f6me\u201c, sagt Konstantin Ochs, der f\u00fcr den WWF Deutschland zahlreiche Naturschutzprojekte in Brasilien begleitet. Der Rauch der Br\u00e4nde im Amazonasgebiet &#8211; zus\u00e4tzlich zu den Br\u00e4nden im Cerrado, im Pantanal und in Bolivien \u2013 hat bereits elf Bundesstaaten erreicht: Neben Amazonas, Rond\u00f4nia, Par\u00e1 und Acre waren in der Amazonasregion auch Mato Grosso, Mato Grosso do Sul, Santa Catarina, Rio Grande do Sul, West-Paran\u00e1 sowie Teile von Minas Gerais und S\u00e3o Paulo betroffen. Die gesundheitlichen Risiken f\u00fcr die Menschen steigen.<\/p>\n\n\n\n<p>Nach einem explosionsartigen Anstieg der Zahl der Feuerausbr\u00fcche im Juli hat sich die Situation im Amazonasgebiet weiter verschlechtert. Allein im August wurden bis zum 27. August 28.697 Feuerausbr\u00fcche in dem Biom registriert. Diese Zahl stellt einen Anstieg von 83 Prozent gegen\u00fcber dem gleichen Zeitraum im Jahr 2023 dar, in dem 15.710 Feuerausbr\u00fcche verzeichnet wurden. Sie liegt 38 Prozent \u00fcber dem Durchschnitt der letzten 10 Jahre (2014 bis 2023). Die Daten stammen aus dem Queimadas-Programm des Nationalen Instituts f\u00fcr Weltraumforschung (INPE). Im August konzentrierten sich mehr als 80 Prozent der Br\u00e4nde im Amazonasgebiet auf die Bundesstaaten Par\u00e1 (36 Prozent), Amazonas (29 Prozent) und Mato Grosso (16 Prozent).<\/p>\n\n\n\n<p>Hinzu kommen weitere Br\u00e4nde in der Region Pantanal und Im Cerrado. Im Pantanal, dem gr\u00f6\u00dften tropischen Feuchtgebiet der Erde, wurden zwischen dem 1. und 27. August 2024 laut Daten des Queimadas-Programms von INPE 3.845 Feuerausbr\u00fcche verzeichnet. Diese Zahl entspricht einem Anstieg von 3.707 Prozent im Vergleich zu den 101 Feuerausbr\u00fcchen, die im selben Zeitraum im Jahr 2023 verzeichnet wurden. Bis zu 1,8 Millionen Hektar Fl\u00e4che sind verbrannt. Betroffen sind auch indigene Gebiete.<\/p>\n\n\n\n<p>Im Cerrado, der artenreichsten Savanne der Welt,wurden zwischen dem 1. und 27. August 15.190 Feuerausbr\u00fcche registriert. Laut Inpe bedeutet dies einen Anstieg um 127 Prozent gegen\u00fcber dem gleichen Zeitraum im Jahr 2023, in dem 6.687 Feuerausbr\u00fcche verzeichnet wurden. Insgesamt wurden wurden im Cerrado bisher 35.882 Feuerausbr\u00fcche registriert. \u201eDie Situation im Cerrado ist besorgniserregend. Daten zeigen, dass der Cerrado seit 1985 bereits 380.000 km2 seiner nat\u00fcrlichen Vegetation verloren hat, eine Fl\u00e4che gr\u00f6\u00dfer als Deutschland\u201c, sagt Ochs.<br>Von Juni bis Oktober ist in Brasilien die Zeit der Waldbr\u00e4nde. Abgeholzte Fl\u00e4chen werden in Brand gesteckt, um neue Weidefl\u00e4chen und Ackerland f\u00fcr den Sojaanbau zu schaffen. Dieses Jahr versch\u00e4rft eine schwere D\u00fcrre die Lage. Experten sehen einen Zusammenhang mit dem Wetterph\u00e4nomen El Ni\u00f1o und der Erderhitzung.<\/p>\n\n\n\n<p>Foto: Waldbr\u00e4nde im Cerrado, in der \u00dcbergangszone zum Amazonas, im indigenen Land Parabubure des Volkes der Xavante, in Mato Grosso. <br>\u00a9 Fernanda Ligabue\/WWF-Brasil<\/p>\n","protected":false},"excerpt":{"rendered":"<p>Foto: Waldbr\u00e4nde im Cerrado, in der \u00dcbergangszone zum Amazonas, im indigenen Land Parabubure des Volkes der Xavante, in Mato Grosso.<br \/>\n\u00a9 Fernanda Ligabue\/WWF-Brasil<\/p>\n","protected":false},"author":1,"featured_media":1052,"comment_status":"closed","ping_status":"open","sticky":false,"template":"","format":"standard","meta":{"_uf_show_specific_survey":0,"_uf_disable_surveys":false,"_jetpack_memberships_contains_paid_content":false,"footnotes":""},"categories":[415],"tags":[344,349,347,343,345,348,346,351,350,342,335],"class_list":["post-1051","post","type-post","status-publish","format-standard","has-post-thumbnail","hentry","category-klimaumwelt","tag-amazonas","tag-amazonasgebiet","tag-brasilien","tag-cerrado","tag-fliegenden-fluesse","tag-naturschutzprojekte-in-brasilien","tag-pantanal","tag-queimadas-programm","tag-waldbrand","tag-waldbraende","tag-wwf"],"yoast_head":"<!-- This site is optimized with the Yoast SEO plugin v26.4 - https:\/\/yoast.com\/wordpress\/plugins\/seo\/ -->\n<title>Dreifachkrise in Brasilien: D\u00fcrre, Waldbr\u00e4nde und giftige Rauchwolken -<\/title>\n<meta name=\"robots\" content=\"index, follow, max-snippet:-1, max-image-preview:large, max-video-preview:-1\" \/>\n<link rel=\"canonical\" href=\"https:\/\/morefuture.de\/?p=1051\" \/>\n<meta property=\"og:locale\" content=\"de_DE\" \/>\n<meta property=\"og:type\" content=\"article\" \/>\n<meta property=\"og:title\" content=\"Dreifachkrise in Brasilien: D\u00fcrre, Waldbr\u00e4nde und giftige Rauchwolken -\" \/>\n<meta property=\"og:description\" content=\"Foto: Waldbr\u00e4nde im Cerrado, in der \u00dcbergangszone zum Amazonas, im indigenen Land Parabubure des Volkes der Xavante, in Mato Grosso. \u00a9 Fernanda Ligabue\/WWF-Brasil\" \/>\n<meta property=\"og:url\" content=\"https:\/\/morefuture.de\/?p=1051\" \/>\n<meta property=\"article:published_time\" content=\"2024-08-29T10:30:53+00:00\" \/>\n<meta property=\"article:modified_time\" content=\"2025-06-06T14:43:44+00:00\" \/>\n<meta property=\"og:image\" content=\"https:\/\/morefuture.de\/wp-content\/uploads\/2024\/08\/dji_0401-scaled.jpg\" \/>\n\t<meta property=\"og:image:width\" content=\"2560\" \/>\n\t<meta property=\"og:image:height\" content=\"1917\" \/>\n\t<meta property=\"og:image:type\" content=\"image\/jpeg\" \/>\n<meta name=\"author\" content=\"krumstroh\" \/>\n<meta name=\"twitter:card\" content=\"summary_large_image\" \/>\n<meta name=\"twitter:label1\" content=\"Verfasst von\" \/>\n\t<meta name=\"twitter:data1\" content=\"krumstroh\" \/>\n\t<meta name=\"twitter:label2\" content=\"Gesch\u00e4tzte Lesezeit\" \/>\n\t<meta name=\"twitter:data2\" content=\"4\u00a0Minuten\" \/>\n<script type=\"application\/ld+json\" class=\"yoast-schema-graph\">{\"@context\":\"https:\/\/schema.org\",\"@graph\":[{\"@type\":\"WebPage\",\"@id\":\"https:\/\/morefuture.de\/?p=1051\",\"url\":\"https:\/\/morefuture.de\/?p=1051\",\"name\":\"Dreifachkrise in Brasilien: D\u00fcrre, Waldbr\u00e4nde und giftige Rauchwolken -\",\"isPartOf\":{\"@id\":\"http:\/\/morefuture.de\/#website\"},\"primaryImageOfPage\":{\"@id\":\"https:\/\/morefuture.de\/?p=1051#primaryimage\"},\"image\":{\"@id\":\"https:\/\/morefuture.de\/?p=1051#primaryimage\"},\"thumbnailUrl\":\"https:\/\/morefuture.de\/wp-content\/uploads\/2024\/08\/dji_0401-scaled.jpg\",\"datePublished\":\"2024-08-29T10:30:53+00:00\",\"dateModified\":\"2025-06-06T14:43:44+00:00\",\"author\":{\"@id\":\"http:\/\/morefuture.de\/#\/schema\/person\/43397e37856f92ef9b771dae09596e47\"},\"breadcrumb\":{\"@id\":\"https:\/\/morefuture.de\/?p=1051#breadcrumb\"},\"inLanguage\":\"de\",\"potentialAction\":[{\"@type\":\"ReadAction\",\"target\":[\"https:\/\/morefuture.de\/?p=1051\"]}]},{\"@type\":\"ImageObject\",\"inLanguage\":\"de\",\"@id\":\"https:\/\/morefuture.de\/?p=1051#primaryimage\",\"url\":\"https:\/\/morefuture.de\/wp-content\/uploads\/2024\/08\/dji_0401-scaled.jpg\",\"contentUrl\":\"https:\/\/morefuture.de\/wp-content\/uploads\/2024\/08\/dji_0401-scaled.jpg\",\"width\":2560,\"height\":1917,\"caption\":\"Waldbr\u00e4nde im Cerrado, in der \u00dcbergangszone zum Amazonas, im indigenen Land Parabubure des Volkes der Xavante, in Mato Grosso. \u00a9 Fernanda Ligabue\/WWF-Brasil\"},{\"@type\":\"BreadcrumbList\",\"@id\":\"https:\/\/morefuture.de\/?p=1051#breadcrumb\",\"itemListElement\":[{\"@type\":\"ListItem\",\"position\":1,\"name\":\"Startseite\",\"item\":\"http:\/\/morefuture.de\/\"},{\"@type\":\"ListItem\",\"position\":2,\"name\":\"Dreifachkrise in Brasilien: D\u00fcrre, Waldbr\u00e4nde und giftige Rauchwolken\"}]},{\"@type\":\"WebSite\",\"@id\":\"http:\/\/morefuture.de\/#website\",\"url\":\"http:\/\/morefuture.de\/\",\"name\":\"\",\"description\":\"\",\"potentialAction\":[{\"@type\":\"SearchAction\",\"target\":{\"@type\":\"EntryPoint\",\"urlTemplate\":\"http:\/\/morefuture.de\/?s={search_term_string}\"},\"query-input\":{\"@type\":\"PropertyValueSpecification\",\"valueRequired\":true,\"valueName\":\"search_term_string\"}}],\"inLanguage\":\"de\"},{\"@type\":\"Person\",\"@id\":\"http:\/\/morefuture.de\/#\/schema\/person\/43397e37856f92ef9b771dae09596e47\",\"name\":\"krumstroh\",\"image\":{\"@type\":\"ImageObject\",\"inLanguage\":\"de\",\"@id\":\"http:\/\/morefuture.de\/#\/schema\/person\/image\/\",\"url\":\"https:\/\/secure.gravatar.com\/avatar\/5244634881f9e6c413c3af40e12d9739c11eb24b7dd8a854bb2d0c11816b10a8?s=96&d=mm&r=g\",\"contentUrl\":\"https:\/\/secure.gravatar.com\/avatar\/5244634881f9e6c413c3af40e12d9739c11eb24b7dd8a854bb2d0c11816b10a8?s=96&d=mm&r=g\",\"caption\":\"krumstroh\"},\"url\":\"https:\/\/morefuture.de\/?author=1\"}]}<\/script>\n<!-- \/ Yoast SEO plugin. -->","yoast_head_json":{"title":"Dreifachkrise in Brasilien: D\u00fcrre, Waldbr\u00e4nde und giftige Rauchwolken -","robots":{"index":"index","follow":"follow","max-snippet":"max-snippet:-1","max-image-preview":"max-image-preview:large","max-video-preview":"max-video-preview:-1"},"canonical":"https:\/\/morefuture.de\/?p=1051","og_locale":"de_DE","og_type":"article","og_title":"Dreifachkrise in Brasilien: D\u00fcrre, Waldbr\u00e4nde und giftige Rauchwolken -","og_description":"Foto: Waldbr\u00e4nde im Cerrado, in der \u00dcbergangszone zum Amazonas, im indigenen Land Parabubure des Volkes der Xavante, in Mato Grosso. \u00a9 Fernanda Ligabue\/WWF-Brasil","og_url":"https:\/\/morefuture.de\/?p=1051","article_published_time":"2024-08-29T10:30:53+00:00","article_modified_time":"2025-06-06T14:43:44+00:00","og_image":[{"width":2560,"height":1917,"url":"https:\/\/morefuture.de\/wp-content\/uploads\/2024\/08\/dji_0401-scaled.jpg","type":"image\/jpeg"}],"author":"krumstroh","twitter_card":"summary_large_image","twitter_misc":{"Verfasst von":"krumstroh","Gesch\u00e4tzte Lesezeit":"4\u00a0Minuten"},"schema":{"@context":"https:\/\/schema.org","@graph":[{"@type":"WebPage","@id":"https:\/\/morefuture.de\/?p=1051","url":"https:\/\/morefuture.de\/?p=1051","name":"Dreifachkrise in Brasilien: D\u00fcrre, Waldbr\u00e4nde und giftige Rauchwolken -","isPartOf":{"@id":"http:\/\/morefuture.de\/#website"},"primaryImageOfPage":{"@id":"https:\/\/morefuture.de\/?p=1051#primaryimage"},"image":{"@id":"https:\/\/morefuture.de\/?p=1051#primaryimage"},"thumbnailUrl":"https:\/\/morefuture.de\/wp-content\/uploads\/2024\/08\/dji_0401-scaled.jpg","datePublished":"2024-08-29T10:30:53+00:00","dateModified":"2025-06-06T14:43:44+00:00","author":{"@id":"http:\/\/morefuture.de\/#\/schema\/person\/43397e37856f92ef9b771dae09596e47"},"breadcrumb":{"@id":"https:\/\/morefuture.de\/?p=1051#breadcrumb"},"inLanguage":"de","potentialAction":[{"@type":"ReadAction","target":["https:\/\/morefuture.de\/?p=1051"]}]},{"@type":"ImageObject","inLanguage":"de","@id":"https:\/\/morefuture.de\/?p=1051#primaryimage","url":"https:\/\/morefuture.de\/wp-content\/uploads\/2024\/08\/dji_0401-scaled.jpg","contentUrl":"https:\/\/morefuture.de\/wp-content\/uploads\/2024\/08\/dji_0401-scaled.jpg","width":2560,"height":1917,"caption":"Waldbr\u00e4nde im Cerrado, in der \u00dcbergangszone zum Amazonas, im indigenen Land Parabubure des Volkes der Xavante, in Mato Grosso. \u00a9 Fernanda Ligabue\/WWF-Brasil"},{"@type":"BreadcrumbList","@id":"https:\/\/morefuture.de\/?p=1051#breadcrumb","itemListElement":[{"@type":"ListItem","position":1,"name":"Startseite","item":"http:\/\/morefuture.de\/"},{"@type":"ListItem","position":2,"name":"Dreifachkrise in Brasilien: D\u00fcrre, Waldbr\u00e4nde und giftige Rauchwolken"}]},{"@type":"WebSite","@id":"http:\/\/morefuture.de\/#website","url":"http:\/\/morefuture.de\/","name":"","description":"","potentialAction":[{"@type":"SearchAction","target":{"@type":"EntryPoint","urlTemplate":"http:\/\/morefuture.de\/?s={search_term_string}"},"query-input":{"@type":"PropertyValueSpecification","valueRequired":true,"valueName":"search_term_string"}}],"inLanguage":"de"},{"@type":"Person","@id":"http:\/\/morefuture.de\/#\/schema\/person\/43397e37856f92ef9b771dae09596e47","name":"krumstroh","image":{"@type":"ImageObject","inLanguage":"de","@id":"http:\/\/morefuture.de\/#\/schema\/person\/image\/","url":"https:\/\/secure.gravatar.com\/avatar\/5244634881f9e6c413c3af40e12d9739c11eb24b7dd8a854bb2d0c11816b10a8?s=96&d=mm&r=g","contentUrl":"https:\/\/secure.gravatar.com\/avatar\/5244634881f9e6c413c3af40e12d9739c11eb24b7dd8a854bb2d0c11816b10a8?s=96&d=mm&r=g","caption":"krumstroh"},"url":"https:\/\/morefuture.de\/?author=1"}]}},"jetpack_featured_media_url":"https:\/\/morefuture.de\/wp-content\/uploads\/2024\/08\/dji_0401-scaled.jpg","jetpack_sharing_enabled":true,"_links":{"self":[{"href":"https:\/\/morefuture.de\/index.php?rest_route=\/wp\/v2\/posts\/1051","targetHints":{"allow":["GET"]}}],"collection":[{"href":"https:\/\/morefuture.de\/index.php?rest_route=\/wp\/v2\/posts"}],"about":[{"href":"https:\/\/morefuture.de\/index.php?rest_route=\/wp\/v2\/types\/post"}],"author":[{"embeddable":true,"href":"https:\/\/morefuture.de\/index.php?rest_route=\/wp\/v2\/users\/1"}],"replies":[{"embeddable":true,"href":"https:\/\/morefuture.de\/index.php?rest_route=%2Fwp%2Fv2%2Fcomments&post=1051"}],"version-history":[{"count":1,"href":"https:\/\/morefuture.de\/index.php?rest_route=\/wp\/v2\/posts\/1051\/revisions"}],"predecessor-version":[{"id":1053,"href":"https:\/\/morefuture.de\/index.php?rest_route=\/wp\/v2\/posts\/1051\/revisions\/1053"}],"wp:featuredmedia":[{"embeddable":true,"href":"https:\/\/morefuture.de\/index.php?rest_route=\/wp\/v2\/media\/1052"}],"wp:attachment":[{"href":"https:\/\/morefuture.de\/index.php?rest_route=%2Fwp%2Fv2%2Fmedia&parent=1051"}],"wp:term":[{"taxonomy":"category","embeddable":true,"href":"https:\/\/morefuture.de\/index.php?rest_route=%2Fwp%2Fv2%2Fcategories&post=1051"},{"taxonomy":"post_tag","embeddable":true,"href":"https:\/\/morefuture.de\/index.php?rest_route=%2Fwp%2Fv2%2Ftags&post=1051"}],"curies":[{"name":"wp","href":"https:\/\/api.w.org\/{rel}","templated":true}]}}