{"id":1520,"date":"2025-11-10T10:18:28","date_gmt":"2025-11-10T10:18:28","guid":{"rendered":"https:\/\/morefuture.de\/?p=1520"},"modified":"2025-11-10T10:18:31","modified_gmt":"2025-11-10T10:18:31","slug":"statements-zur-cop30-in-brasilien","status":"publish","type":"post","link":"http:\/\/morefuture.de\/?p=1520","title":{"rendered":"Statements zur COP30 in Brasilien"},"content":{"rendered":"\n<h2 class=\"wp-block-heading\">Statements zum Start der UN Klimakonferenz<\/h2>\n\n\n\n<h2 class=\"wp-block-heading\">Statement www.morefuture.de zur Rede des Bundeskanzlers zum Start des Gipfels&#8230;<\/h2>\n\n\n\n<p>Da fehlen einem die Worte. Angesichts der Klimaentwicklung l\u00e4uft bei unserer deutschen Bundesregierung einiges schief. Die Gewissheit auf diesen Mangel ist f\u00fcr uns un\u00fcbersehrbar vorhanden. Wer aber weiterhin eine Best\u00e4tigung sucht, das unser Kanzler viele Fehler in seinem Job macht und sich weltweit durch seinen Job stolpert, sollte <a href=\"https:\/\/www.instagram.com\/reels\/DQw2jk3DIqe\/\">diesen Beitrag zur Rede unseres Kanzlers beim Klimagipfel <\/a>von Luisa Neubauer ansehen. Nebenbei bemerkt, er ist dorthin geflogen. Er war der einzige Passagier, hatte lecker Essen, hat eine peinliche Rede gehalten, sich dann mit den anderen Politikern zum klassischen Gruppen-Ich-war-dabei-Foto eingefunden und &#8230; nein, das wars. Sogar die Briten haben das besser gemacht. Sie waren immerhin zweit. Der Premierminister kam in Begleitung des Prince William of Wales.<\/p>\n\n\n\n<p><strong>Dazu: \u201eDie COP30 ist der erste Auftritt der neuen Bundesregierung in der internationalen Klimadiplomatie. Es ist eine Chance, Deutschland als Klimaschutz- und Technologieland zu positionieren und die Weichen zu stellen f\u00fcr eine Zukunft, in der Deutschland vorangeht, Allianzen bildet und m\u00f6glichst viele Partner vereint.\u201c Viviane Raddatz, Klimachefin beim WWF Deutschland<\/strong><\/p>\n\n\n\n<h2 class=\"wp-block-heading\">Beginn der Weltklimakonferenz: Fridays for Future fordert gerechten Beitrag zur internationalen Klimafinanzierung<\/h2>\n\n\n\n<p>Am heutigen Montag beginnt die Weltklimakonferenz im brasilianischen Bel\u00e9m. Auch Fridays for Future Deutschland ist mit einer kleinen Delegation vor Ort und wird die Verhandlungen mit Protestaktionen begleiten. Die Klimabewegung fordert von den deutschen Verhandler*innen klare Bekenntnisse zum Pariser Abkommen. Es brauche ambitionierte Ma\u00dfnahmen zur Emissionsreduktion und gerechte Beitr\u00e4ge zu internationaler Klimafinanzierung. Eine entsprechende von Fridays for Future initiierte Petition hat innerhalb weniger Tage \u00fcber 150.000 Unterschriften erhalten.<\/p>\n\n\n\n<p>\u201cTausende Verhandler*innen aus der ganzen Welt kommen auf der Weltklimakonferenz zusammen, um gemeinsam internationale Klimapolitik voranzubringen. Dass Friedrich Merz sich als M\u00f6chtegern-Au\u00dfenkanzler erdreistet, auf dieser internationalen B\u00fchne die Hauptursache der Klimakrise zu ignorieren, ist h\u00f6chst problematisch. Umweltminister Carsten Schneider ist jetzt gefragt, das Ruder herumzurei\u00dfen und mit einer starken deutschen Position in die Verhandlungen zu gehen. Er darf sich von Merz\u2019 Blockadehaltung nicht einsch\u00fcchtern lassen, sondern muss ambitioniert vorangehen und zeigen, dass wenigstens er die Klimakrise verstanden hat.\u201d sagt Carla Reemtsma von Fridays for Future Deutschland<\/p>\n\n\n\n<p>In seiner Rede beim Leaders Summit im Vorfeld der COP30 hat Bundeskanzler Merz den notwendigen Ausstieg aus fossilen Energien mit keinem Wort erw\u00e4hnt. Deutschland hatte schon vor vier Jahren auf der COP in Glasgow zugesichert, kein Geld mehr in neue fossile Energieprojekte im Ausland stecken zu wollen, dieses Versprechen aber unter anderem durch die F\u00f6rderung von Gaskraftwerken in Usbekistan, Polen und Bangladesch sowie die Beteiligung an einer mobilen Gaspipeline in Jordanien gebrochen. Insgesamt, gab Deutschland seit 2022 1,5 Milliarden US-Dollar f\u00fcr fossile Projekte im Ausland aus \u2013 mehr Geld als alle anderen L\u00e4nder aus, die sich f\u00fcr das Abkommen verpflichtet hatten.<\/p>\n\n\n\n<p>\u201cD\u00fcrren, \u00dcberschwemmungen, St\u00fcrme: Die Klimakrise eskaliert mit jedem Tag deutlicher und trifft dabei diejenigen am h\u00e4rtesten, die am wenigsten dazu beigetragen haben. Um gegen diese globale Ungerechtigkeit vorzugehen, muss Deutschland sich auf der COP30 f\u00fcr ambitionierte Ma\u00dfnahmen einsetzen und klare Bekenntnisse zu international gerechter Finanzierung liefern. Jedes Zehntelgrad Erhitzung bedroht ganz konkret Menschenleben, deswegen m\u00fcssen die Verhandler*innen f\u00fcr einen schnellen und konsequenten Ausstieg aus Kohle, \u00d6l und Gas k\u00e4mpfen. Nur so h\u00f6ren wir auf, die Klimakrise immer weiter zu befeuern.\u201d sagt Louis Motaal von Fridays for Future Deutschland<\/p>\n\n\n\n<p>Quelle: Frydays for Future Deutschland<\/p>\n\n\n\n<h2 class=\"wp-block-heading\">Greenpeace zum Start der Weltklimakonferenz<\/h2>\n\n\n\n<p>Bel\u00e9m, 9. November 2025 &#8211; Martin Kaiser, gesch\u00e4ftsf\u00fchrender Vorstand von Greenpeace, zur morgen startenden 30. UN-Klimakonferenz:<br>\u201cNie war eine Klimakonferenz politischer als diese. Hier in Bel\u00e9m geht es in den kommenden zwei Wochen auch um die Frage: Sind auch in diesen Zeiten genug Staaten und zivilgesellschaftliche Akteure willens, ein existenzielles globales Problem auch gemeinsam anzugehen? Im Wei\u00dfen Haus regiert ein Pr\u00e4sident, der sein Amt als H\u00f6ker von amerikanischem \u00d6l und Gas versteht, der Kreml finanziert einen brutalen Angriffskrieg mit fossilen Exporten und die \u00d6l- und Gasindustrie lobbyiert mit der Macht ihrer Milliarden gegen den Erfolg erneuerbarer Energien. Deutschland und die EU d\u00fcrfen ihre Politik nicht zur\u00fcckdrehen und nicht zulassen, dass diese m\u00e4chtigen Kr\u00e4fte diese Konferenz kapern und scheitern lassen.<br>Bel\u00e9m kann zu einem Zeichen der Hoffnung werden, wenn fortschrittliche Staaten sich zusammenschlie\u00dfen, um den Ausstieg aus den fossilen Energien mit Ehrgeiz umzusetzen und einen Plan vorlegen, der die Zerst\u00f6rung unserer W\u00e4lder stoppt. Wie dringend wir einen solchen Waldaktionsplan brauchen, wird hier, am Tor zum Amazonas-Regenwald, \u00fcberdeutlich. Nur mit wirksamen Schutz kann der Tropenwald unser Verb\u00fcndeter im Kampf gegen die Klimakrise und die Heimat indigener Gemeinschaften bleiben. Das wird nicht von allein passieren. N\u00f6tig sind daf\u00fcr keine vagen Absichtsbekundungen, sondern klare Finanzzusagen gro\u00dfer Industriestaaten, auch von Deutschland.\u201d<\/p>\n\n\n\n<p>Quelle Greenpeace<\/p>\n\n\n\n<h2 class=\"wp-block-heading\">Die Erwartungen des WWF an die Cop30<\/h2>\n\n\n\n<p>Vom 10. bis 21. November 2025 findet in Bel\u00e9m, Brasilien, die 30. Klimakonferenz, kurz COP30, statt. Zwei Wochen, in denen die Vertreter:innen der Vertragsstaaten des globalen Klimarahmenabkommens zusammenkommen, um zu verhandeln, zu diskutieren und Beschl\u00fcsse zu fassen. Das Ziel muss ein sofortiges Umsteuern sein. Die Zeit dr\u00e4ngt.<\/p>\n\n\n\n<p>Konferenz unter schwierigen Bedingungen<br>W\u00e4hrend die planetaren Grenzen immer n\u00e4her r\u00fccken und die Folgen der Klimakrise weltweit immer deutlicher zu sp\u00fcren sind, geraten internationale Abkommen, Ziele und Ma\u00dfnahmen zum Klimaschutz vielerorts unter Druck.<\/p>\n\n\n\n<p>Auch in Europa und Deutschland werden Stimmen laut, die den Klimaschutz kleinreden oder bereits erreichte Fortschritte zur\u00fcckdrehen wollen. Das ist besorgniserregend: Es geht um den Schutz unserer Lebensgrundlagen.<\/p>\n\n\n\n<p>Spenden f\u00fcr den Klimaschutz<br>Fr\u00fchere COPs mit ern\u00fcchternden und hoffnungsvollen Ergebnissen<br>Die COP30 im Amazonas folgt auf die COP29 in Aserbaidschan, deren Ergebnisse ern\u00fcchternd waren. Dort wurde ein neues Klimafinanzierungsziel beschlossen, mit dem viele L\u00e4nder \u2013 vor allem aus dem Globalen S\u00fcden \u2013 sehr unzufrieden sind. Denn es braucht zeitnah ausreichend hohe Investitionen und sinnvoll gelenkte Finanzfl\u00fcsse, um umso h\u00f6here Folgekosten zu vermeiden.<\/p>\n\n\n\n<p>Gleichzeitig gibt es Grund zur Hoffnung: Denn ein Jahr zuvor hatte sich die Weltgemeinschaft endlich auf die Abkehr von fossilen Energien verst\u00e4ndigt. Ein Meilenstein, denn die Nutzung von Kohle, \u00d6l und Gas ist ma\u00dfgeblich verantwortlich f\u00fcr die Erderhitzung. Jetzt m\u00fcsste der Ausstieg aber auch vollzogen werden \u2013 und da hakt es noch gewaltig.<\/p>\n\n\n\n<p>WWF-Erwartungen an die Klimakonferenz<\/p>\n\n\n\n<ol class=\"wp-block-list\">\n<li>Starkes Statement zu schwachen NDCs<\/li>\n<\/ol>\n\n\n\n<p>Die nationalen Klimabeitr\u00e4ge (NDCs) bilden das Herzst\u00fcck des Pariser Klimaabkommens. Alle f\u00fcnf Jahre m\u00fcssen diese Beitr\u00e4ge aktualisiert werden. Dieses Jahr stand wieder ein solcher Aktualisierungszyklus an. Eigentlich h\u00e4tten alle L\u00e4nder ihre neuen NDCs bis zum 10. Februar einreichen m\u00fcssen, doch nur wenige sind dieser offiziellen Deadline gefolgt. Die EU hat erst kurz vor der COP ein zu schwaches NDC vorgelegt und verpasst, auf diese Weise f\u00fcr mehr Dynamik bei den NDCs zu sorgen.<\/p>\n\n\n\n<p>Nur Beitr\u00e4ge, die bis September eingereicht wurden, sind in den UN-Synthesebericht eingeflossen, der im Vorfeld der COP erstellt wurde und als Grundlage f\u00fcr die Verhandlungen dient. Der Bericht zeigt, dass auf Grundlage der eingereichten NDCs das Ziel des Pariser Klimaabkommens, die Erderhitzung auf unter 2 \u00b0C, idealerweise auf 1,5 \u00b0C, zu begrenzen, nicht erreicht werden kann. Daf\u00fcr m\u00fcssten mehr L\u00e4nder neue Klimabeitr\u00e4ge (NDCs) f\u00fcr 2035 einreichen und diese deutlich ambitionierter ausrichten \u2013 und ihre Pl\u00e4ne auch entsprechend umsetzen.<\/p>\n\n\n\n<ol start=\"2\" class=\"wp-block-list\">\n<li>Abkehr von fossilen Energien und eine stabile Klimafinanzierung<\/li>\n<\/ol>\n\n\n\n<p>Bei der Weltklimakonferenz COP30 sind insbesondere bei der gerechten Abkehr von fossilen Energien und der Klimafinanzierung konkrete Fortschritte erforderlich. Die Konferenz sollte aufzeigen, wie das neue Klimafinanzierungsziel erreicht werden kann und wer dazu beitragen wird.<\/p>\n\n\n\n<p>Zudem sollte die Konferenz in Bel\u00e9m dazu beitragen, den auf der COP28 in Dubai getroffenen Beschluss \u00fcber die Abkehr von den fossilen Energien, die Verdreifachung der Kapazit\u00e4ten im Bereich der erneuerbaren Energien und die Verdopplung der Energieeffizienz bis 2030 rasch umzusetzen.<\/p>\n\n\n\n<ol start=\"3\" class=\"wp-block-list\">\n<li>Fonds f\u00fcr den Schutz der Tropenw\u00e4lder<\/li>\n<\/ol>\n\n\n\n<p>Ein besonderes Augenmerk wird auch auf Brasiliens Initiative der Tropical Forests Forever Facility (TFFF) liegen. Dieser Fonds wurde von Brasilien auf der COP28 vorgeschlagen. Er soll \u00f6konomische Anreize f\u00fcr den Schutz der Tropenw\u00e4lder schaffen. Intakte Regenw\u00e4lder sind sowohl f\u00fcr den Klimaschutz als auch f\u00fcr den Erhalt der biologischen Vielfalt essenziell.<\/p>\n\n\n\n<p>Der brasilianische Vorschlag sieht einen Fonds im Wert von 125 Milliarden US-Dollar vor. Unter den richtigen Bedingungen k\u00f6nnte er ein sehr wichtiger Geldtopf f\u00fcr den bislang stark unterfinanzierten Waldschutz werden.<\/p>\n\n\n\n<p><a href=\"https:\/\/www.wwf.de\/themen-projekte\/klimaschutz\/un-klimakonferenzen\/cop30-in-brasilien?newsletter=infonewsletter%2FHausliste%2F2025%2F11%2F08%2Fcop30%2Fplueschtiere&amp;ecmId=6M3HC4XD-1213JYB&amp;ecmEid=6M7VR5J2-6M3HC4XD-ZS6IMH&amp;utm_medium=email&amp;utm_campaign=cop30&amp;utm_source=infonewsletter&amp;ecmUid=5YRMZXZI-95UE58\">Quelle WWF<\/a><\/p>\n\n\n\n<p><\/p>\n","protected":false},"excerpt":{"rendered":"<p>Statements zum Start der UN Klimakonferenz Statement www.morefuture.de zur Rede des Bundeskanzlers zum Start des Gipfels&#8230; Da fehlen einem die Worte. Angesichts der Klimaentwicklung l\u00e4uft bei unserer deutschen Bundesregierung einiges schief. Die Gewissheit auf diesen Mangel ist f\u00fcr uns un\u00fcbersehrbar vorhanden. Wer aber weiterhin eine Best\u00e4tigung sucht, das unser Kanzler viele Fehler in seinem Job [&hellip;]<\/p>\n","protected":false},"author":1,"featured_media":1228,"comment_status":"closed","ping_status":"open","sticky":false,"template":"","format":"standard","meta":{"_uf_show_specific_survey":0,"_uf_disable_surveys":false,"_jetpack_memberships_contains_paid_content":false,"footnotes":""},"categories":[415],"tags":[712,714,677,711,715,716,713],"class_list":["post-1520","post","type-post","status-publish","format-standard","has-post-thumbnail","hentry","category-klimaumwelt","tag-cop30","tag-klimafinanzierung","tag-merz","tag-neubauer","tag-tropenwaelder","tag-tropical-forests-forever-facility","tag-weltklimakonferenz-cop30"],"yoast_head":"<!-- This site is optimized with the Yoast SEO plugin v26.4 - https:\/\/yoast.com\/wordpress\/plugins\/seo\/ -->\n<title>Statements zur COP30 in Brasilien -<\/title>\n<meta name=\"robots\" content=\"index, follow, max-snippet:-1, max-image-preview:large, max-video-preview:-1\" \/>\n<link rel=\"canonical\" href=\"http:\/\/morefuture.de\/?p=1520\" \/>\n<meta property=\"og:locale\" content=\"de_DE\" \/>\n<meta property=\"og:type\" content=\"article\" \/>\n<meta property=\"og:title\" content=\"Statements zur COP30 in Brasilien -\" \/>\n<meta property=\"og:description\" content=\"Statements zum Start der UN Klimakonferenz Statement www.morefuture.de zur Rede des Bundeskanzlers zum Start des Gipfels&#8230; Da fehlen einem die Worte. Angesichts der Klimaentwicklung l\u00e4uft bei unserer deutschen Bundesregierung einiges schief. Die Gewissheit auf diesen Mangel ist f\u00fcr uns un\u00fcbersehrbar vorhanden. Wer aber weiterhin eine Best\u00e4tigung sucht, das unser Kanzler viele Fehler in seinem Job [&hellip;]\" \/>\n<meta property=\"og:url\" content=\"http:\/\/morefuture.de\/?p=1520\" \/>\n<meta property=\"article:published_time\" content=\"2025-11-10T10:18:28+00:00\" \/>\n<meta property=\"article:modified_time\" content=\"2025-11-10T10:18:31+00:00\" \/>\n<meta property=\"og:image\" content=\"http:\/\/morefuture.de\/wp-content\/uploads\/2025\/03\/1-DSC_-Buxbaum-klein.jpg\" \/>\n\t<meta property=\"og:image:width\" content=\"340\" \/>\n\t<meta property=\"og:image:height\" content=\"226\" \/>\n\t<meta property=\"og:image:type\" content=\"image\/jpeg\" \/>\n<meta name=\"author\" content=\"krumstroh\" \/>\n<meta name=\"twitter:card\" content=\"summary_large_image\" \/>\n<meta name=\"twitter:label1\" content=\"Verfasst von\" \/>\n\t<meta name=\"twitter:data1\" content=\"krumstroh\" \/>\n\t<meta name=\"twitter:label2\" content=\"Gesch\u00e4tzte Lesezeit\" \/>\n\t<meta name=\"twitter:data2\" content=\"8\u00a0Minuten\" \/>\n<script type=\"application\/ld+json\" class=\"yoast-schema-graph\">{\"@context\":\"https:\/\/schema.org\",\"@graph\":[{\"@type\":\"WebPage\",\"@id\":\"http:\/\/morefuture.de\/?p=1520\",\"url\":\"http:\/\/morefuture.de\/?p=1520\",\"name\":\"Statements zur COP30 in Brasilien -\",\"isPartOf\":{\"@id\":\"http:\/\/morefuture.de\/#website\"},\"primaryImageOfPage\":{\"@id\":\"http:\/\/morefuture.de\/?p=1520#primaryimage\"},\"image\":{\"@id\":\"http:\/\/morefuture.de\/?p=1520#primaryimage\"},\"thumbnailUrl\":\"http:\/\/morefuture.de\/wp-content\/uploads\/2025\/03\/1-DSC_-Buxbaum-klein.jpg\",\"datePublished\":\"2025-11-10T10:18:28+00:00\",\"dateModified\":\"2025-11-10T10:18:31+00:00\",\"author\":{\"@id\":\"http:\/\/morefuture.de\/#\/schema\/person\/43397e37856f92ef9b771dae09596e47\"},\"breadcrumb\":{\"@id\":\"http:\/\/morefuture.de\/?p=1520#breadcrumb\"},\"inLanguage\":\"de\",\"potentialAction\":[{\"@type\":\"ReadAction\",\"target\":[\"http:\/\/morefuture.de\/?p=1520\"]}]},{\"@type\":\"ImageObject\",\"inLanguage\":\"de\",\"@id\":\"http:\/\/morefuture.de\/?p=1520#primaryimage\",\"url\":\"http:\/\/morefuture.de\/wp-content\/uploads\/2025\/03\/1-DSC_-Buxbaum-klein.jpg\",\"contentUrl\":\"http:\/\/morefuture.de\/wp-content\/uploads\/2025\/03\/1-DSC_-Buxbaum-klein.jpg\",\"width\":340,\"height\":226},{\"@type\":\"BreadcrumbList\",\"@id\":\"http:\/\/morefuture.de\/?p=1520#breadcrumb\",\"itemListElement\":[{\"@type\":\"ListItem\",\"position\":1,\"name\":\"Startseite\",\"item\":\"http:\/\/morefuture.de\/\"},{\"@type\":\"ListItem\",\"position\":2,\"name\":\"Statements zur COP30 in Brasilien\"}]},{\"@type\":\"WebSite\",\"@id\":\"http:\/\/morefuture.de\/#website\",\"url\":\"http:\/\/morefuture.de\/\",\"name\":\"\",\"description\":\"\",\"potentialAction\":[{\"@type\":\"SearchAction\",\"target\":{\"@type\":\"EntryPoint\",\"urlTemplate\":\"http:\/\/morefuture.de\/?s={search_term_string}\"},\"query-input\":{\"@type\":\"PropertyValueSpecification\",\"valueRequired\":true,\"valueName\":\"search_term_string\"}}],\"inLanguage\":\"de\"},{\"@type\":\"Person\",\"@id\":\"http:\/\/morefuture.de\/#\/schema\/person\/43397e37856f92ef9b771dae09596e47\",\"name\":\"krumstroh\",\"image\":{\"@type\":\"ImageObject\",\"inLanguage\":\"de\",\"@id\":\"http:\/\/morefuture.de\/#\/schema\/person\/image\/\",\"url\":\"https:\/\/secure.gravatar.com\/avatar\/5244634881f9e6c413c3af40e12d9739c11eb24b7dd8a854bb2d0c11816b10a8?s=96&d=mm&r=g\",\"contentUrl\":\"https:\/\/secure.gravatar.com\/avatar\/5244634881f9e6c413c3af40e12d9739c11eb24b7dd8a854bb2d0c11816b10a8?s=96&d=mm&r=g\",\"caption\":\"krumstroh\"},\"url\":\"http:\/\/morefuture.de\/?author=1\"}]}<\/script>\n<!-- \/ Yoast SEO plugin. -->","yoast_head_json":{"title":"Statements zur COP30 in Brasilien -","robots":{"index":"index","follow":"follow","max-snippet":"max-snippet:-1","max-image-preview":"max-image-preview:large","max-video-preview":"max-video-preview:-1"},"canonical":"http:\/\/morefuture.de\/?p=1520","og_locale":"de_DE","og_type":"article","og_title":"Statements zur COP30 in Brasilien -","og_description":"Statements zum Start der UN Klimakonferenz Statement www.morefuture.de zur Rede des Bundeskanzlers zum Start des Gipfels&#8230; Da fehlen einem die Worte. Angesichts der Klimaentwicklung l\u00e4uft bei unserer deutschen Bundesregierung einiges schief. Die Gewissheit auf diesen Mangel ist f\u00fcr uns un\u00fcbersehrbar vorhanden. Wer aber weiterhin eine Best\u00e4tigung sucht, das unser Kanzler viele Fehler in seinem Job [&hellip;]","og_url":"http:\/\/morefuture.de\/?p=1520","article_published_time":"2025-11-10T10:18:28+00:00","article_modified_time":"2025-11-10T10:18:31+00:00","og_image":[{"width":340,"height":226,"url":"http:\/\/morefuture.de\/wp-content\/uploads\/2025\/03\/1-DSC_-Buxbaum-klein.jpg","type":"image\/jpeg"}],"author":"krumstroh","twitter_card":"summary_large_image","twitter_misc":{"Verfasst von":"krumstroh","Gesch\u00e4tzte Lesezeit":"8\u00a0Minuten"},"schema":{"@context":"https:\/\/schema.org","@graph":[{"@type":"WebPage","@id":"http:\/\/morefuture.de\/?p=1520","url":"http:\/\/morefuture.de\/?p=1520","name":"Statements zur COP30 in Brasilien -","isPartOf":{"@id":"http:\/\/morefuture.de\/#website"},"primaryImageOfPage":{"@id":"http:\/\/morefuture.de\/?p=1520#primaryimage"},"image":{"@id":"http:\/\/morefuture.de\/?p=1520#primaryimage"},"thumbnailUrl":"http:\/\/morefuture.de\/wp-content\/uploads\/2025\/03\/1-DSC_-Buxbaum-klein.jpg","datePublished":"2025-11-10T10:18:28+00:00","dateModified":"2025-11-10T10:18:31+00:00","author":{"@id":"http:\/\/morefuture.de\/#\/schema\/person\/43397e37856f92ef9b771dae09596e47"},"breadcrumb":{"@id":"http:\/\/morefuture.de\/?p=1520#breadcrumb"},"inLanguage":"de","potentialAction":[{"@type":"ReadAction","target":["http:\/\/morefuture.de\/?p=1520"]}]},{"@type":"ImageObject","inLanguage":"de","@id":"http:\/\/morefuture.de\/?p=1520#primaryimage","url":"http:\/\/morefuture.de\/wp-content\/uploads\/2025\/03\/1-DSC_-Buxbaum-klein.jpg","contentUrl":"http:\/\/morefuture.de\/wp-content\/uploads\/2025\/03\/1-DSC_-Buxbaum-klein.jpg","width":340,"height":226},{"@type":"BreadcrumbList","@id":"http:\/\/morefuture.de\/?p=1520#breadcrumb","itemListElement":[{"@type":"ListItem","position":1,"name":"Startseite","item":"http:\/\/morefuture.de\/"},{"@type":"ListItem","position":2,"name":"Statements zur COP30 in Brasilien"}]},{"@type":"WebSite","@id":"http:\/\/morefuture.de\/#website","url":"http:\/\/morefuture.de\/","name":"","description":"","potentialAction":[{"@type":"SearchAction","target":{"@type":"EntryPoint","urlTemplate":"http:\/\/morefuture.de\/?s={search_term_string}"},"query-input":{"@type":"PropertyValueSpecification","valueRequired":true,"valueName":"search_term_string"}}],"inLanguage":"de"},{"@type":"Person","@id":"http:\/\/morefuture.de\/#\/schema\/person\/43397e37856f92ef9b771dae09596e47","name":"krumstroh","image":{"@type":"ImageObject","inLanguage":"de","@id":"http:\/\/morefuture.de\/#\/schema\/person\/image\/","url":"https:\/\/secure.gravatar.com\/avatar\/5244634881f9e6c413c3af40e12d9739c11eb24b7dd8a854bb2d0c11816b10a8?s=96&d=mm&r=g","contentUrl":"https:\/\/secure.gravatar.com\/avatar\/5244634881f9e6c413c3af40e12d9739c11eb24b7dd8a854bb2d0c11816b10a8?s=96&d=mm&r=g","caption":"krumstroh"},"url":"http:\/\/morefuture.de\/?author=1"}]}},"jetpack_featured_media_url":"http:\/\/morefuture.de\/wp-content\/uploads\/2025\/03\/1-DSC_-Buxbaum-klein.jpg","jetpack_sharing_enabled":true,"_links":{"self":[{"href":"http:\/\/morefuture.de\/index.php?rest_route=\/wp\/v2\/posts\/1520","targetHints":{"allow":["GET"]}}],"collection":[{"href":"http:\/\/morefuture.de\/index.php?rest_route=\/wp\/v2\/posts"}],"about":[{"href":"http:\/\/morefuture.de\/index.php?rest_route=\/wp\/v2\/types\/post"}],"author":[{"embeddable":true,"href":"http:\/\/morefuture.de\/index.php?rest_route=\/wp\/v2\/users\/1"}],"replies":[{"embeddable":true,"href":"http:\/\/morefuture.de\/index.php?rest_route=%2Fwp%2Fv2%2Fcomments&post=1520"}],"version-history":[{"count":1,"href":"http:\/\/morefuture.de\/index.php?rest_route=\/wp\/v2\/posts\/1520\/revisions"}],"predecessor-version":[{"id":1521,"href":"http:\/\/morefuture.de\/index.php?rest_route=\/wp\/v2\/posts\/1520\/revisions\/1521"}],"wp:featuredmedia":[{"embeddable":true,"href":"http:\/\/morefuture.de\/index.php?rest_route=\/wp\/v2\/media\/1228"}],"wp:attachment":[{"href":"http:\/\/morefuture.de\/index.php?rest_route=%2Fwp%2Fv2%2Fmedia&parent=1520"}],"wp:term":[{"taxonomy":"category","embeddable":true,"href":"http:\/\/morefuture.de\/index.php?rest_route=%2Fwp%2Fv2%2Fcategories&post=1520"},{"taxonomy":"post_tag","embeddable":true,"href":"http:\/\/morefuture.de\/index.php?rest_route=%2Fwp%2Fv2%2Ftags&post=1520"}],"curies":[{"name":"wp","href":"https:\/\/api.w.org\/{rel}","templated":true}]}}