{"id":1513,"date":"2025-10-20T09:28:58","date_gmt":"2025-10-20T09:28:58","guid":{"rendered":"https:\/\/morefuture.de\/?p=1513"},"modified":"2026-01-08T10:19:32","modified_gmt":"2026-01-08T10:19:32","slug":"offener-brief-zur-eu-klimapolitik-an-die-bundesregierung-vom-20-oktober-2025","status":"publish","type":"post","link":"http:\/\/morefuture.de\/?p=1513","title":{"rendered":"Offener Brief zur EU-Klimapolitik an die Bundesregierung vom 20. Oktober 2025"},"content":{"rendered":"\n<p>Sehr geehrter Herr Merz, sehr geehrte Mitglieder der Bundesregierung,<\/p>\n\n\n\n<p>Die Rekord-Waldbr\u00e4nde im Sommer 2025 haben eine dramatische Erinnerung daran gesendet, dass Europa der sich am schnellsten erhitzende Kontinent ist. Im Durchschnitt der letzten 10 Jahren lagen die Temperaturen hier bereits um 2,1 Grad w\u00e4rmer als im vorindustriellen Zeitalter \u2013 und die Kurven zeigen steil nach oben. Dies bedeutet mehr Hitzetote, mehr Sch\u00e4den durch Wetterextreme, mehr Ernteausf\u00e4lle und Wasserknappheit in Teilen Europas. Wir Menschen k\u00f6nnen uns nur sehr begrenzt an diese Folgen anpassen \u2013 unser bester Schutz ist es, die Erderhitzung so schnell wie m\u00f6glich zu stoppen.<\/p>\n\n\n\n<p>Gesetzliche Klimaziele spielen dabei eine entscheidende Rolle f\u00fcr eine verl\u00e4ssliche Politik. Sie geben den Rahmen f\u00fcr die nachgelagerten Gesetze vor \u2013 und damit die Grundlage f\u00fcr unternehmerische und individuelle Entscheidungen.<\/p>\n\n\n\n<p>Die Wissenschaft ist eindeutig: Es braucht eine Emissionsreduktion um 90-95% bis 2040. Der wissenschaftliche Klimarat der EU (ESABCC) hat in einem umfassenden Gutachten dargelegt, dass die EU, um einen ann\u00e4hernd fairen Beitrag der EU zum Pariser Klimaabkommen zu leisten, ihre Emissionen bis 2040 um 90%-95% gegen\u00fcber 1990 reduzieren muss. Diese Emissionsreduktion um 90%-95% innerhalb der EU m\u00fcsse zudem damit einhergehen, andere Staaten dabei zu unterst\u00fctzen, ihre Emissionen zu senken. Der Kommissionsvorschlag bleibt bereits hinter diesen Anforderungen zur\u00fcck \u2013 und ist daher als das absolute Minimum zu betrachten.<\/p>\n\n\n\n<p>Eine Emissionsreduktion um mindestens 90% ist auch machbar. Zugleich hat der ESABCC festgestellt, dass eine Emissionsreduktion um 90% bis 2040 unter Einhaltung der technologischen und nachhaltigen Grenzen m\u00f6glich w\u00e4re. Deutschland k\u00f6nnte sogar eine Reduktion um 93\u202f% schaffen, wenn Sie als Bundesregierung jetzt weitere Ma\u00dfnahmen ergreifen w\u00fcrden. Letzteres ist in jedem Fall n\u00f6tig; in allen Sektoren braucht es echten politischen Willen, konkrete Ma\u00dfnahmen und klare Fahrpl\u00e4ne.<\/p>\n\n\n\n<p>Ohne<strong> <\/strong>Klimaziel riskiert die EU ihre internationale politische Glaubw\u00fcrdigkeit. Auch \u00fcber Europa hinaus ist das 2040er-Klimaziel von gro\u00dfer Bedeutung. Die EU w\u00e4re bereits im Februar verpflichtet gewesen, ihr Klimaziel f\u00fcr 2035 auf UN-Ebene anzumelden \u2013 bislang gibt es nur eine schwammige Absichtserkl\u00e4rung mit einer Spanne. Das 2035er-Ziel sollte aus dem 2040er-Ziel abgeleitet werden \u2013 umso wichtiger ist es, dass Sie im Rat noch vor der COP30 in B\u00e9lem eine Entscheidung zu beiden Zielen treffen. Gerade nach dem Austritt der USA aus dem Pariser Klimaabkommen ist ein starkes Klimaziel der EU, des viertgr\u00f6\u00dften Emittenten weltweit, wichtig, um wieder eine positive internationale Dynamik auszul\u00f6sen.<\/p>\n\n\n\n<p>Wir fordern Sie daher auf, im Rat f\u00fcr ein EU-weites 2040er-Ziel von mindestens 90% einzutreten und den Prozess nicht weiter zu verz\u00f6gern..<\/p>\n\n\n\n<p>Deutschland ist der gr\u00f6\u00dfte Mitgliedsstaat und der gr\u00f6\u00dfte Emittent in der EU \u2013 Ihre Stimme ist entscheidend.<\/p>\n\n\n\n<p>Mit freundlichen Gr\u00fc\u00dfen<\/p>\n\n\n\n<p>Dr. Roda Verheyen (Rechtsanw\u00e4ltin)<br>Prof. Dr. Stefan Rahmstorf (Universit\u00e4t Potsdam)<br>Prof. Dr. Friederike Otto (Imperial College London)<br>Prof. Dr. Carl Friedrich Schleussner (Humboldt Universit\u00e4t)<br>Dr. Sascha Samadi (Energiesystemforscher)<br>Dr. Jens Clausen (Borderstep Institute)<br>Dr. Leon Scheiber (Helmholtz-Zentrum Hereon)<br>Carla Reemtsma (Fridays for Future)<br>Linda Kastrup (Fridays for Future)<br>Luisa Neubauer (Fridays for Future)<\/p>\n\n\n\n<p>Quelle: <a href=\"https:\/\/fridaysforfuture.de\/\">https:\/\/fridaysforfuture.de\/<\/a><\/p>\n","protected":false},"excerpt":{"rendered":"<p>Sehr geehrter Herr Merz, sehr geehrte Mitglieder der Bundesregierung, Die Rekord-Waldbr\u00e4nde im Sommer 2025 haben eine dramatische Erinnerung daran gesendet, dass Europa der sich am schnellsten erhitzende Kontinent ist. Im Durchschnitt der letzten 10 Jahren lagen die Temperaturen hier bereits um 2,1 Grad w\u00e4rmer als im vorindustriellen Zeitalter \u2013 und die Kurven zeigen steil nach [&hellip;]<\/p>\n","protected":false},"author":1,"featured_media":1237,"comment_status":"closed","ping_status":"open","sticky":false,"template":"","format":"standard","meta":{"_uf_show_specific_survey":0,"_uf_disable_surveys":false,"_jetpack_memberships_contains_paid_content":false,"footnotes":""},"categories":[415],"tags":[708,707,705,706,709,677,704,342],"class_list":["post-1513","post","type-post","status-publish","format-standard","has-post-thumbnail","hentry","category-klimaumwelt","tag-bundesregierung","tag-emissionsreduktion","tag-gesetzliche-klimaziele","tag-klimaabkommen","tag-klimaziel","tag-merz","tag-offener-brief-zur-eu-klimapolitik","tag-waldbraende"],"yoast_head":"<!-- This site is optimized with the Yoast SEO plugin v26.4 - https:\/\/yoast.com\/wordpress\/plugins\/seo\/ -->\n<title>Offener Brief zur EU-Klimapolitik an die Bundesregierung vom 20. Oktober 2025 -<\/title>\n<meta name=\"description\" content=\"Offener Brief zur EU-Klimapolitik im Oktober 2025\" \/>\n<meta name=\"robots\" content=\"index, follow, max-snippet:-1, max-image-preview:large, max-video-preview:-1\" \/>\n<link rel=\"canonical\" href=\"http:\/\/morefuture.de\/?p=1513\" \/>\n<meta property=\"og:locale\" content=\"de_DE\" \/>\n<meta property=\"og:type\" content=\"article\" \/>\n<meta property=\"og:title\" content=\"Offener Brief zur EU-Klimapolitik an die Bundesregierung vom 20. Oktober 2025 -\" \/>\n<meta property=\"og:description\" content=\"Offener Brief zur EU-Klimapolitik im Oktober 2025\" \/>\n<meta property=\"og:url\" content=\"http:\/\/morefuture.de\/?p=1513\" \/>\n<meta property=\"article:published_time\" content=\"2025-10-20T09:28:58+00:00\" \/>\n<meta property=\"article:modified_time\" content=\"2026-01-08T10:19:32+00:00\" \/>\n<meta property=\"og:image\" content=\"http:\/\/morefuture.de\/wp-content\/uploads\/2024\/09\/20200801_122044-scaled.jpg\" \/>\n\t<meta property=\"og:image:width\" content=\"2560\" \/>\n\t<meta property=\"og:image:height\" content=\"1920\" \/>\n\t<meta property=\"og:image:type\" content=\"image\/jpeg\" \/>\n<meta name=\"author\" content=\"krumstroh\" \/>\n<meta name=\"twitter:card\" content=\"summary_large_image\" \/>\n<meta name=\"twitter:label1\" content=\"Verfasst von\" \/>\n\t<meta name=\"twitter:data1\" content=\"krumstroh\" \/>\n\t<meta name=\"twitter:label2\" content=\"Gesch\u00e4tzte Lesezeit\" \/>\n\t<meta name=\"twitter:data2\" content=\"3\u00a0Minuten\" \/>\n<script type=\"application\/ld+json\" class=\"yoast-schema-graph\">{\"@context\":\"https:\/\/schema.org\",\"@graph\":[{\"@type\":\"WebPage\",\"@id\":\"http:\/\/morefuture.de\/?p=1513\",\"url\":\"http:\/\/morefuture.de\/?p=1513\",\"name\":\"Offener Brief zur EU-Klimapolitik an die Bundesregierung vom 20. Oktober 2025 -\",\"isPartOf\":{\"@id\":\"http:\/\/morefuture.de\/#website\"},\"primaryImageOfPage\":{\"@id\":\"http:\/\/morefuture.de\/?p=1513#primaryimage\"},\"image\":{\"@id\":\"http:\/\/morefuture.de\/?p=1513#primaryimage\"},\"thumbnailUrl\":\"http:\/\/morefuture.de\/wp-content\/uploads\/2024\/09\/20200801_122044-scaled.jpg\",\"datePublished\":\"2025-10-20T09:28:58+00:00\",\"dateModified\":\"2026-01-08T10:19:32+00:00\",\"author\":{\"@id\":\"http:\/\/morefuture.de\/#\/schema\/person\/43397e37856f92ef9b771dae09596e47\"},\"description\":\"Offener Brief zur EU-Klimapolitik im Oktober 2025\",\"breadcrumb\":{\"@id\":\"http:\/\/morefuture.de\/?p=1513#breadcrumb\"},\"inLanguage\":\"de\",\"potentialAction\":[{\"@type\":\"ReadAction\",\"target\":[\"http:\/\/morefuture.de\/?p=1513\"]}]},{\"@type\":\"ImageObject\",\"inLanguage\":\"de\",\"@id\":\"http:\/\/morefuture.de\/?p=1513#primaryimage\",\"url\":\"http:\/\/morefuture.de\/wp-content\/uploads\/2024\/09\/20200801_122044-scaled.jpg\",\"contentUrl\":\"http:\/\/morefuture.de\/wp-content\/uploads\/2024\/09\/20200801_122044-scaled.jpg\",\"width\":2560,\"height\":1920},{\"@type\":\"BreadcrumbList\",\"@id\":\"http:\/\/morefuture.de\/?p=1513#breadcrumb\",\"itemListElement\":[{\"@type\":\"ListItem\",\"position\":1,\"name\":\"Startseite\",\"item\":\"http:\/\/morefuture.de\/\"},{\"@type\":\"ListItem\",\"position\":2,\"name\":\"Offener Brief zur EU-Klimapolitik an die Bundesregierung vom 20. Oktober 2025\"}]},{\"@type\":\"WebSite\",\"@id\":\"http:\/\/morefuture.de\/#website\",\"url\":\"http:\/\/morefuture.de\/\",\"name\":\"\",\"description\":\"\",\"potentialAction\":[{\"@type\":\"SearchAction\",\"target\":{\"@type\":\"EntryPoint\",\"urlTemplate\":\"http:\/\/morefuture.de\/?s={search_term_string}\"},\"query-input\":{\"@type\":\"PropertyValueSpecification\",\"valueRequired\":true,\"valueName\":\"search_term_string\"}}],\"inLanguage\":\"de\"},{\"@type\":\"Person\",\"@id\":\"http:\/\/morefuture.de\/#\/schema\/person\/43397e37856f92ef9b771dae09596e47\",\"name\":\"krumstroh\",\"image\":{\"@type\":\"ImageObject\",\"inLanguage\":\"de\",\"@id\":\"http:\/\/morefuture.de\/#\/schema\/person\/image\/\",\"url\":\"https:\/\/secure.gravatar.com\/avatar\/5244634881f9e6c413c3af40e12d9739c11eb24b7dd8a854bb2d0c11816b10a8?s=96&d=mm&r=g\",\"contentUrl\":\"https:\/\/secure.gravatar.com\/avatar\/5244634881f9e6c413c3af40e12d9739c11eb24b7dd8a854bb2d0c11816b10a8?s=96&d=mm&r=g\",\"caption\":\"krumstroh\"},\"url\":\"http:\/\/morefuture.de\/?author=1\"}]}<\/script>\n<!-- \/ Yoast SEO plugin. -->","yoast_head_json":{"title":"Offener Brief zur EU-Klimapolitik an die Bundesregierung vom 20. Oktober 2025 -","description":"Offener Brief zur EU-Klimapolitik im Oktober 2025","robots":{"index":"index","follow":"follow","max-snippet":"max-snippet:-1","max-image-preview":"max-image-preview:large","max-video-preview":"max-video-preview:-1"},"canonical":"http:\/\/morefuture.de\/?p=1513","og_locale":"de_DE","og_type":"article","og_title":"Offener Brief zur EU-Klimapolitik an die Bundesregierung vom 20. Oktober 2025 -","og_description":"Offener Brief zur EU-Klimapolitik im Oktober 2025","og_url":"http:\/\/morefuture.de\/?p=1513","article_published_time":"2025-10-20T09:28:58+00:00","article_modified_time":"2026-01-08T10:19:32+00:00","og_image":[{"width":2560,"height":1920,"url":"http:\/\/morefuture.de\/wp-content\/uploads\/2024\/09\/20200801_122044-scaled.jpg","type":"image\/jpeg"}],"author":"krumstroh","twitter_card":"summary_large_image","twitter_misc":{"Verfasst von":"krumstroh","Gesch\u00e4tzte Lesezeit":"3\u00a0Minuten"},"schema":{"@context":"https:\/\/schema.org","@graph":[{"@type":"WebPage","@id":"http:\/\/morefuture.de\/?p=1513","url":"http:\/\/morefuture.de\/?p=1513","name":"Offener Brief zur EU-Klimapolitik an die Bundesregierung vom 20. Oktober 2025 -","isPartOf":{"@id":"http:\/\/morefuture.de\/#website"},"primaryImageOfPage":{"@id":"http:\/\/morefuture.de\/?p=1513#primaryimage"},"image":{"@id":"http:\/\/morefuture.de\/?p=1513#primaryimage"},"thumbnailUrl":"http:\/\/morefuture.de\/wp-content\/uploads\/2024\/09\/20200801_122044-scaled.jpg","datePublished":"2025-10-20T09:28:58+00:00","dateModified":"2026-01-08T10:19:32+00:00","author":{"@id":"http:\/\/morefuture.de\/#\/schema\/person\/43397e37856f92ef9b771dae09596e47"},"description":"Offener Brief zur EU-Klimapolitik im Oktober 2025","breadcrumb":{"@id":"http:\/\/morefuture.de\/?p=1513#breadcrumb"},"inLanguage":"de","potentialAction":[{"@type":"ReadAction","target":["http:\/\/morefuture.de\/?p=1513"]}]},{"@type":"ImageObject","inLanguage":"de","@id":"http:\/\/morefuture.de\/?p=1513#primaryimage","url":"http:\/\/morefuture.de\/wp-content\/uploads\/2024\/09\/20200801_122044-scaled.jpg","contentUrl":"http:\/\/morefuture.de\/wp-content\/uploads\/2024\/09\/20200801_122044-scaled.jpg","width":2560,"height":1920},{"@type":"BreadcrumbList","@id":"http:\/\/morefuture.de\/?p=1513#breadcrumb","itemListElement":[{"@type":"ListItem","position":1,"name":"Startseite","item":"http:\/\/morefuture.de\/"},{"@type":"ListItem","position":2,"name":"Offener Brief zur EU-Klimapolitik an die Bundesregierung vom 20. Oktober 2025"}]},{"@type":"WebSite","@id":"http:\/\/morefuture.de\/#website","url":"http:\/\/morefuture.de\/","name":"","description":"","potentialAction":[{"@type":"SearchAction","target":{"@type":"EntryPoint","urlTemplate":"http:\/\/morefuture.de\/?s={search_term_string}"},"query-input":{"@type":"PropertyValueSpecification","valueRequired":true,"valueName":"search_term_string"}}],"inLanguage":"de"},{"@type":"Person","@id":"http:\/\/morefuture.de\/#\/schema\/person\/43397e37856f92ef9b771dae09596e47","name":"krumstroh","image":{"@type":"ImageObject","inLanguage":"de","@id":"http:\/\/morefuture.de\/#\/schema\/person\/image\/","url":"https:\/\/secure.gravatar.com\/avatar\/5244634881f9e6c413c3af40e12d9739c11eb24b7dd8a854bb2d0c11816b10a8?s=96&d=mm&r=g","contentUrl":"https:\/\/secure.gravatar.com\/avatar\/5244634881f9e6c413c3af40e12d9739c11eb24b7dd8a854bb2d0c11816b10a8?s=96&d=mm&r=g","caption":"krumstroh"},"url":"http:\/\/morefuture.de\/?author=1"}]}},"jetpack_featured_media_url":"http:\/\/morefuture.de\/wp-content\/uploads\/2024\/09\/20200801_122044-scaled.jpg","jetpack_sharing_enabled":true,"_links":{"self":[{"href":"http:\/\/morefuture.de\/index.php?rest_route=\/wp\/v2\/posts\/1513","targetHints":{"allow":["GET"]}}],"collection":[{"href":"http:\/\/morefuture.de\/index.php?rest_route=\/wp\/v2\/posts"}],"about":[{"href":"http:\/\/morefuture.de\/index.php?rest_route=\/wp\/v2\/types\/post"}],"author":[{"embeddable":true,"href":"http:\/\/morefuture.de\/index.php?rest_route=\/wp\/v2\/users\/1"}],"replies":[{"embeddable":true,"href":"http:\/\/morefuture.de\/index.php?rest_route=%2Fwp%2Fv2%2Fcomments&post=1513"}],"version-history":[{"count":3,"href":"http:\/\/morefuture.de\/index.php?rest_route=\/wp\/v2\/posts\/1513\/revisions"}],"predecessor-version":[{"id":1518,"href":"http:\/\/morefuture.de\/index.php?rest_route=\/wp\/v2\/posts\/1513\/revisions\/1518"}],"wp:featuredmedia":[{"embeddable":true,"href":"http:\/\/morefuture.de\/index.php?rest_route=\/wp\/v2\/media\/1237"}],"wp:attachment":[{"href":"http:\/\/morefuture.de\/index.php?rest_route=%2Fwp%2Fv2%2Fmedia&parent=1513"}],"wp:term":[{"taxonomy":"category","embeddable":true,"href":"http:\/\/morefuture.de\/index.php?rest_route=%2Fwp%2Fv2%2Fcategories&post=1513"},{"taxonomy":"post_tag","embeddable":true,"href":"http:\/\/morefuture.de\/index.php?rest_route=%2Fwp%2Fv2%2Ftags&post=1513"}],"curies":[{"name":"wp","href":"https:\/\/api.w.org\/{rel}","templated":true}]}}