{"id":1471,"date":"2025-08-12T09:47:25","date_gmt":"2025-08-12T09:47:25","guid":{"rendered":"https:\/\/morefuture.de\/?p=1471"},"modified":"2026-01-08T10:23:02","modified_gmt":"2026-01-08T10:23:02","slug":"gedanken-zur-klimapolitik-im-august-2025","status":"publish","type":"post","link":"http:\/\/morefuture.de\/?p=1471","title":{"rendered":"Gedanken zur Klimapolitik der Bundesregierung"},"content":{"rendered":"\n<p>Man mag \u00fcber Social Media fluchen, aber es gibt auch Beitr\u00e4ge, die Gutes anbieten oder <a href=\"https:\/\/www.instagram.com\/reel\/DL4kSLvq7FU\/?igsh=MmtzanZyNjB2ZmVw\">\u2013 wie in diesem Fall \u2013<\/a> Fakten gerader\u00fccken. Es ist h\u00f6chste Zeit, dass wir konsequent \u00fcber das Klima sprechen und  handeln. Aber das f\u00e4llt umso schwerer, wenn man h\u00f6rt, wie unsere neue Regierung mit diesem Thema umgeht und plant. Klicken Sie auf diesen <a href=\"https:\/\/www.instagram.com\/reel\/DL4kSLvq7FU\/?igsh=MmtzanZyNjB2ZmVw\">Link<\/a>, (Instagram). <\/p>\n\n\n\n<p>Nehmen Sie sich zwei Minuten Zeit. H\u00f6ren Sie sich das an und \u00fcberlegen Sie, ob dieses Handeln der Regierung so in Ordnung ist. Mit gesundem Menschenverstand kann man es nicht nachvollziehen. Denn auch konservative Politiker haben Kinder und Enkel, die auf unserer Welt weiterleben m\u00f6chten. <\/p>\n\n\n\n<p>Wir m\u00fcssen kritisch sein, konstruktiv protestieren und uns f\u00fcrs Klima einsetzen. Sonst machen die uneinsichtigen M\u00e4nner und Frauen in unserer Regierung weiter wie bisher, bis uns die Klimakatastrophe  entgleitet.<\/p>\n\n\n\n<p>Das Team von www.MOREFUTURE.de.<\/p>\n\n\n\n<p><br><\/p>\n","protected":false},"excerpt":{"rendered":"<p>Man mag \u00fcber Social Media fluchen, aber es gibt auch Beitr\u00e4ge, die Gutes anbieten oder \u2013 wie in diesem Fall \u2013 Fakten gerader\u00fccken. Es ist h\u00f6chste Zeit, dass wir konsequent \u00fcber das Klima sprechen und handeln. Aber das f\u00e4llt umso schwerer, wenn man h\u00f6rt, wie unsere neue Regierung mit diesem Thema umgeht und plant. Klicken [&hellip;]<\/p>\n","protected":false},"author":1,"featured_media":1237,"comment_status":"open","ping_status":"open","sticky":false,"template":"","format":"standard","meta":{"_uf_show_specific_survey":0,"_uf_disable_surveys":false,"_jetpack_memberships_contains_paid_content":false,"footnotes":""},"categories":[415],"tags":[461],"class_list":["post-1471","post","type-post","status-publish","format-standard","has-post-thumbnail","hentry","category-klimaumwelt","tag-klimakrise"],"yoast_head":"<!-- This site is optimized with the Yoast SEO plugin v26.4 - https:\/\/yoast.com\/wordpress\/plugins\/seo\/ -->\n<title>Gedanken zur Klimapolitik der Bundesregierung -<\/title>\n<meta name=\"robots\" content=\"index, follow, max-snippet:-1, max-image-preview:large, max-video-preview:-1\" \/>\n<link rel=\"canonical\" href=\"http:\/\/morefuture.de\/?p=1471\" \/>\n<meta property=\"og:locale\" content=\"de_DE\" \/>\n<meta property=\"og:type\" content=\"article\" \/>\n<meta property=\"og:title\" content=\"Gedanken zur Klimapolitik der Bundesregierung -\" \/>\n<meta property=\"og:description\" content=\"Man mag \u00fcber Social Media fluchen, aber es gibt auch Beitr\u00e4ge, die Gutes anbieten oder \u2013 wie in diesem Fall \u2013 Fakten gerader\u00fccken. Es ist h\u00f6chste Zeit, dass wir konsequent \u00fcber das Klima sprechen und handeln. Aber das f\u00e4llt umso schwerer, wenn man h\u00f6rt, wie unsere neue Regierung mit diesem Thema umgeht und plant. Klicken [&hellip;]\" \/>\n<meta property=\"og:url\" content=\"http:\/\/morefuture.de\/?p=1471\" \/>\n<meta property=\"article:published_time\" content=\"2025-08-12T09:47:25+00:00\" \/>\n<meta property=\"article:modified_time\" content=\"2026-01-08T10:23:02+00:00\" \/>\n<meta property=\"og:image\" content=\"http:\/\/morefuture.de\/wp-content\/uploads\/2024\/09\/20200801_122044-scaled.jpg\" \/>\n\t<meta property=\"og:image:width\" content=\"2560\" \/>\n\t<meta property=\"og:image:height\" content=\"1920\" \/>\n\t<meta property=\"og:image:type\" content=\"image\/jpeg\" \/>\n<meta name=\"author\" content=\"krumstroh\" \/>\n<meta name=\"twitter:card\" content=\"summary_large_image\" \/>\n<meta name=\"twitter:label1\" content=\"Verfasst von\" \/>\n\t<meta name=\"twitter:data1\" content=\"krumstroh\" \/>\n\t<meta name=\"twitter:label2\" content=\"Gesch\u00e4tzte Lesezeit\" \/>\n\t<meta name=\"twitter:data2\" content=\"1\u00a0Minute\" \/>\n<script type=\"application\/ld+json\" class=\"yoast-schema-graph\">{\"@context\":\"https:\/\/schema.org\",\"@graph\":[{\"@type\":\"WebPage\",\"@id\":\"http:\/\/morefuture.de\/?p=1471\",\"url\":\"http:\/\/morefuture.de\/?p=1471\",\"name\":\"Gedanken zur Klimapolitik der Bundesregierung -\",\"isPartOf\":{\"@id\":\"http:\/\/morefuture.de\/#website\"},\"primaryImageOfPage\":{\"@id\":\"http:\/\/morefuture.de\/?p=1471#primaryimage\"},\"image\":{\"@id\":\"http:\/\/morefuture.de\/?p=1471#primaryimage\"},\"thumbnailUrl\":\"http:\/\/morefuture.de\/wp-content\/uploads\/2024\/09\/20200801_122044-scaled.jpg\",\"datePublished\":\"2025-08-12T09:47:25+00:00\",\"dateModified\":\"2026-01-08T10:23:02+00:00\",\"author\":{\"@id\":\"http:\/\/morefuture.de\/#\/schema\/person\/43397e37856f92ef9b771dae09596e47\"},\"breadcrumb\":{\"@id\":\"http:\/\/morefuture.de\/?p=1471#breadcrumb\"},\"inLanguage\":\"de\",\"potentialAction\":[{\"@type\":\"ReadAction\",\"target\":[\"http:\/\/morefuture.de\/?p=1471\"]}]},{\"@type\":\"ImageObject\",\"inLanguage\":\"de\",\"@id\":\"http:\/\/morefuture.de\/?p=1471#primaryimage\",\"url\":\"http:\/\/morefuture.de\/wp-content\/uploads\/2024\/09\/20200801_122044-scaled.jpg\",\"contentUrl\":\"http:\/\/morefuture.de\/wp-content\/uploads\/2024\/09\/20200801_122044-scaled.jpg\",\"width\":2560,\"height\":1920},{\"@type\":\"BreadcrumbList\",\"@id\":\"http:\/\/morefuture.de\/?p=1471#breadcrumb\",\"itemListElement\":[{\"@type\":\"ListItem\",\"position\":1,\"name\":\"Startseite\",\"item\":\"http:\/\/morefuture.de\/\"},{\"@type\":\"ListItem\",\"position\":2,\"name\":\"Gedanken zur Klimapolitik der Bundesregierung\"}]},{\"@type\":\"WebSite\",\"@id\":\"http:\/\/morefuture.de\/#website\",\"url\":\"http:\/\/morefuture.de\/\",\"name\":\"\",\"description\":\"\",\"potentialAction\":[{\"@type\":\"SearchAction\",\"target\":{\"@type\":\"EntryPoint\",\"urlTemplate\":\"http:\/\/morefuture.de\/?s={search_term_string}\"},\"query-input\":{\"@type\":\"PropertyValueSpecification\",\"valueRequired\":true,\"valueName\":\"search_term_string\"}}],\"inLanguage\":\"de\"},{\"@type\":\"Person\",\"@id\":\"http:\/\/morefuture.de\/#\/schema\/person\/43397e37856f92ef9b771dae09596e47\",\"name\":\"krumstroh\",\"image\":{\"@type\":\"ImageObject\",\"inLanguage\":\"de\",\"@id\":\"http:\/\/morefuture.de\/#\/schema\/person\/image\/\",\"url\":\"https:\/\/secure.gravatar.com\/avatar\/5244634881f9e6c413c3af40e12d9739c11eb24b7dd8a854bb2d0c11816b10a8?s=96&d=mm&r=g\",\"contentUrl\":\"https:\/\/secure.gravatar.com\/avatar\/5244634881f9e6c413c3af40e12d9739c11eb24b7dd8a854bb2d0c11816b10a8?s=96&d=mm&r=g\",\"caption\":\"krumstroh\"},\"url\":\"http:\/\/morefuture.de\/?author=1\"}]}<\/script>\n<!-- \/ Yoast SEO plugin. -->","yoast_head_json":{"title":"Gedanken zur Klimapolitik der Bundesregierung -","robots":{"index":"index","follow":"follow","max-snippet":"max-snippet:-1","max-image-preview":"max-image-preview:large","max-video-preview":"max-video-preview:-1"},"canonical":"http:\/\/morefuture.de\/?p=1471","og_locale":"de_DE","og_type":"article","og_title":"Gedanken zur Klimapolitik der Bundesregierung -","og_description":"Man mag \u00fcber Social Media fluchen, aber es gibt auch Beitr\u00e4ge, die Gutes anbieten oder \u2013 wie in diesem Fall \u2013 Fakten gerader\u00fccken. Es ist h\u00f6chste Zeit, dass wir konsequent \u00fcber das Klima sprechen und handeln. Aber das f\u00e4llt umso schwerer, wenn man h\u00f6rt, wie unsere neue Regierung mit diesem Thema umgeht und plant. Klicken [&hellip;]","og_url":"http:\/\/morefuture.de\/?p=1471","article_published_time":"2025-08-12T09:47:25+00:00","article_modified_time":"2026-01-08T10:23:02+00:00","og_image":[{"width":2560,"height":1920,"url":"http:\/\/morefuture.de\/wp-content\/uploads\/2024\/09\/20200801_122044-scaled.jpg","type":"image\/jpeg"}],"author":"krumstroh","twitter_card":"summary_large_image","twitter_misc":{"Verfasst von":"krumstroh","Gesch\u00e4tzte Lesezeit":"1\u00a0Minute"},"schema":{"@context":"https:\/\/schema.org","@graph":[{"@type":"WebPage","@id":"http:\/\/morefuture.de\/?p=1471","url":"http:\/\/morefuture.de\/?p=1471","name":"Gedanken zur Klimapolitik der Bundesregierung -","isPartOf":{"@id":"http:\/\/morefuture.de\/#website"},"primaryImageOfPage":{"@id":"http:\/\/morefuture.de\/?p=1471#primaryimage"},"image":{"@id":"http:\/\/morefuture.de\/?p=1471#primaryimage"},"thumbnailUrl":"http:\/\/morefuture.de\/wp-content\/uploads\/2024\/09\/20200801_122044-scaled.jpg","datePublished":"2025-08-12T09:47:25+00:00","dateModified":"2026-01-08T10:23:02+00:00","author":{"@id":"http:\/\/morefuture.de\/#\/schema\/person\/43397e37856f92ef9b771dae09596e47"},"breadcrumb":{"@id":"http:\/\/morefuture.de\/?p=1471#breadcrumb"},"inLanguage":"de","potentialAction":[{"@type":"ReadAction","target":["http:\/\/morefuture.de\/?p=1471"]}]},{"@type":"ImageObject","inLanguage":"de","@id":"http:\/\/morefuture.de\/?p=1471#primaryimage","url":"http:\/\/morefuture.de\/wp-content\/uploads\/2024\/09\/20200801_122044-scaled.jpg","contentUrl":"http:\/\/morefuture.de\/wp-content\/uploads\/2024\/09\/20200801_122044-scaled.jpg","width":2560,"height":1920},{"@type":"BreadcrumbList","@id":"http:\/\/morefuture.de\/?p=1471#breadcrumb","itemListElement":[{"@type":"ListItem","position":1,"name":"Startseite","item":"http:\/\/morefuture.de\/"},{"@type":"ListItem","position":2,"name":"Gedanken zur Klimapolitik der Bundesregierung"}]},{"@type":"WebSite","@id":"http:\/\/morefuture.de\/#website","url":"http:\/\/morefuture.de\/","name":"","description":"","potentialAction":[{"@type":"SearchAction","target":{"@type":"EntryPoint","urlTemplate":"http:\/\/morefuture.de\/?s={search_term_string}"},"query-input":{"@type":"PropertyValueSpecification","valueRequired":true,"valueName":"search_term_string"}}],"inLanguage":"de"},{"@type":"Person","@id":"http:\/\/morefuture.de\/#\/schema\/person\/43397e37856f92ef9b771dae09596e47","name":"krumstroh","image":{"@type":"ImageObject","inLanguage":"de","@id":"http:\/\/morefuture.de\/#\/schema\/person\/image\/","url":"https:\/\/secure.gravatar.com\/avatar\/5244634881f9e6c413c3af40e12d9739c11eb24b7dd8a854bb2d0c11816b10a8?s=96&d=mm&r=g","contentUrl":"https:\/\/secure.gravatar.com\/avatar\/5244634881f9e6c413c3af40e12d9739c11eb24b7dd8a854bb2d0c11816b10a8?s=96&d=mm&r=g","caption":"krumstroh"},"url":"http:\/\/morefuture.de\/?author=1"}]}},"jetpack_featured_media_url":"http:\/\/morefuture.de\/wp-content\/uploads\/2024\/09\/20200801_122044-scaled.jpg","jetpack_sharing_enabled":true,"_links":{"self":[{"href":"http:\/\/morefuture.de\/index.php?rest_route=\/wp\/v2\/posts\/1471","targetHints":{"allow":["GET"]}}],"collection":[{"href":"http:\/\/morefuture.de\/index.php?rest_route=\/wp\/v2\/posts"}],"about":[{"href":"http:\/\/morefuture.de\/index.php?rest_route=\/wp\/v2\/types\/post"}],"author":[{"embeddable":true,"href":"http:\/\/morefuture.de\/index.php?rest_route=\/wp\/v2\/users\/1"}],"replies":[{"embeddable":true,"href":"http:\/\/morefuture.de\/index.php?rest_route=%2Fwp%2Fv2%2Fcomments&post=1471"}],"version-history":[{"count":2,"href":"http:\/\/morefuture.de\/index.php?rest_route=\/wp\/v2\/posts\/1471\/revisions"}],"predecessor-version":[{"id":1483,"href":"http:\/\/morefuture.de\/index.php?rest_route=\/wp\/v2\/posts\/1471\/revisions\/1483"}],"wp:featuredmedia":[{"embeddable":true,"href":"http:\/\/morefuture.de\/index.php?rest_route=\/wp\/v2\/media\/1237"}],"wp:attachment":[{"href":"http:\/\/morefuture.de\/index.php?rest_route=%2Fwp%2Fv2%2Fmedia&parent=1471"}],"wp:term":[{"taxonomy":"category","embeddable":true,"href":"http:\/\/morefuture.de\/index.php?rest_route=%2Fwp%2Fv2%2Fcategories&post=1471"},{"taxonomy":"post_tag","embeddable":true,"href":"http:\/\/morefuture.de\/index.php?rest_route=%2Fwp%2Fv2%2Ftags&post=1471"}],"curies":[{"name":"wp","href":"https:\/\/api.w.org\/{rel}","templated":true}]}}